{"id":20799,"date":"2021-10-01T08:00:18","date_gmt":"2021-10-01T11:00:18","guid":{"rendered":"https:\/\/blogs.correiobraziliense.com.br\/servidor\/?p=20799"},"modified":"2021-09-30T21:21:43","modified_gmt":"2021-10-01T00:21:43","slug":"1a-semana-orcamentaria-do-tcu-debatera-processos-de-planejamento-e-orcamento-na-administracao-publica-federal","status":"publish","type":"post","link":"https:\/\/blogs.correiobraziliense.com.br\/servidor\/1a-semana-orcamentaria-do-tcu-debatera-processos-de-planejamento-e-orcamento-na-administracao-publica-federal\/","title":{"rendered":"1\u00aa Semana Or\u00e7ament\u00e1ria do TCU debater\u00e1 processos de planejamento e or\u00e7amento na Administra\u00e7\u00e3o P\u00fablica Federal"},"content":{"rendered":"<p><em><strong>Evento \u00e9 gratuito, est\u00e1 com inscri\u00e7\u00f5es abertas e acontecer\u00e1 dos dias 4 a 8 de outubro.<\/strong><\/em><\/p>\n<p>&nbsp;<\/p>\n<figure id=\"attachment_20800\" aria-describedby=\"caption-attachment-20800\" style=\"width: 1024px\" class=\"wp-caption alignright\"><img loading=\"lazy\" decoding=\"async\" class=\"size-large wp-image-20800\" src=\"https:\/\/blogs.correiobraziliense.com.br\/servidor\/wp-content\/uploads\/sites\/10\/2021\/09\/TCU-1024x613.jpg\" alt=\"\" width=\"1024\" height=\"613\" srcset=\"https:\/\/blogs.correiobraziliense.com.br\/servidor\/wp-content\/uploads\/sites\/10\/2021\/09\/TCU-1024x613.jpg 1024w, https:\/\/blogs.correiobraziliense.com.br\/servidor\/wp-content\/uploads\/sites\/10\/2021\/09\/TCU-300x179.jpg 300w, https:\/\/blogs.correiobraziliense.com.br\/servidor\/wp-content\/uploads\/sites\/10\/2021\/09\/TCU-768x459.jpg 768w, https:\/\/blogs.correiobraziliense.com.br\/servidor\/wp-content\/uploads\/sites\/10\/2021\/09\/TCU-800x479.jpg 800w, https:\/\/blogs.correiobraziliense.com.br\/servidor\/wp-content\/uploads\/sites\/10\/2021\/09\/TCU-550x329.jpg 550w, https:\/\/blogs.correiobraziliense.com.br\/servidor\/wp-content\/uploads\/sites\/10\/2021\/09\/TCU-230x138.jpg 230w, https:\/\/blogs.correiobraziliense.com.br\/servidor\/wp-content\/uploads\/sites\/10\/2021\/09\/TCU.jpg 1170w\" sizes=\"auto, (max-width: 1024px) 100vw, 1024px\" \/><figcaption id=\"caption-attachment-20800\" class=\"wp-caption-text\">Vista externa (fachada) do pr\u00e9dio do Tribunal de Contas da Uni\u00e3o &#8211; TCU.<br \/>Foto: Leopoldo Silva\/Ag\u00eancia Senado<\/figcaption><\/figure>\n<p>Est\u00e3o abertas as inscri\u00e7\u00f5es para a 1\u00aa Semana Or\u00e7ament\u00e1ria do TCU. O encontro ser\u00e1 virtual e acontecer\u00e1 de 4 a 8 de outubro pelo YouTube do Tribunal. O objetivo \u00e9 estimular o di\u00e1logo entre especialistas a fim de atualizar, aperfei\u00e7oar e induzir a produ\u00e7\u00e3o de conhecimentos que abrangem os processos de planejamento e de or\u00e7amento na Administra\u00e7\u00e3o P\u00fablica Federal.<\/p>\n<p>O evento \u00e9 gratuito e direcionado para auditores do TCU, procuradores de contas, consultores do Congresso Nacional, parlamentares e membros do Minist\u00e9rio P\u00fablico Federal. Especialistas em or\u00e7amento p\u00fablico federal, respons\u00e1veis pelo assunto em minist\u00e9rios e autarquias, al\u00e9m de outros \u00f3rg\u00e3os ligados \u00e0 gest\u00e3o p\u00fablica tamb\u00e9m podem participar. O convite tamb\u00e9m a usu\u00e1rios dos principais sistemas federais (Siop, Siope, Siops, Siaf, Siconfi e SigPlan), al\u00e9m de acad\u00eamicos, estudantes, representantes de entidades da sociedade civil e quaisquer interessados em or\u00e7amento p\u00fablico.<\/p>\n<p>Entre os assuntos abordados est\u00e3o: a promo\u00e7\u00e3o da credibilidade or\u00e7ament\u00e1ria, a governan\u00e7a or\u00e7ament\u00e1ria dos minist\u00e9rios em rela\u00e7\u00e3o \u00e0s pol\u00edticas p\u00fablicas sociais e afins e ainda pol\u00edticas p\u00fablicas de infraestrutura. Os impactos das emendas parlamentares no or\u00e7amento da Uni\u00e3o tamb\u00e9m est\u00e3o na pauta de discuss\u00f5es. A abertura do evento ter\u00e1 a presen\u00e7a de Paulo Guedes, ministro da Economia e Rose de Freitas, senadora e presidente da Comiss\u00e3o Mista de Or\u00e7amento.<\/p>\n<p>Todos os participantes receber\u00e3o certificado de participa\u00e7\u00e3o.<\/p>\n<p><a href=\"https:\/\/contas.tcu.gov.br\/ords\/f?p=ISCNET2_PAR:106:::NO:106:P106_COD:203630\">Acesse as inscri\u00e7\u00f5es e programa\u00e7\u00e3o completa<\/a>.<\/p>\n<p>A 1\u00aa Semana Or\u00e7ament\u00e1ria do Tribunal de Contas da Uni\u00e3o \u00e9 realizada pela Secretaria de Macroavalia\u00e7\u00e3o Governamental (Semag) em conjunto com a Secretaria-Geral de Controle Externo (Segecex).<\/p>\n<p><strong>Servi\u00e7o<\/strong>:<\/p>\n<p>O qu\u00ea: 1\u00aa Semana de Or\u00e7ament\u00e1ria do TCU \u2013 Governan\u00e7a Or\u00e7ament\u00e1ria e Debates Tem\u00e1ticos<br \/>\nQuando: De 4 a 8 de outubro, no canal de YouTube do TCU<\/p>\n<p>&nbsp;<\/p>\n","protected":false},"excerpt":{"rendered":"<p>Evento \u00e9 gratuito, est\u00e1 com inscri\u00e7\u00f5es abertas e acontecer\u00e1 dos dias 4 a 8 de outubro. &nbsp; Est\u00e3o abertas as inscri\u00e7\u00f5es para a 1\u00aa Semana Or\u00e7ament\u00e1ria do TCU. O encontro ser\u00e1 virtual e acontecer\u00e1 de 4 a 8 de outubro pelo YouTube do Tribunal. O objetivo \u00e9 estimular o di\u00e1logo entre especialistas a fim de atualizar, aperfei\u00e7oar e induzir a [&hellip;]<\/p>\n","protected":false},"author":27,"featured_media":0,"comment_status":"open","ping_status":"closed","sticky":false,"template":"","format":"standard","meta":{"footnotes":""},"categories":[2719],"tags":[1191,1076,2874,124,781,1994,318,3,562,147,610,635,276],"class_list":["post-20799","post","type-post","status-publish","format-standard","hentry","category-servidor","tag-administracao","tag-curso","tag-encontro","tag-federal","tag-inscricoes","tag-orcamentaria","tag-orcamento","tag-planejamento","tag-processos","tag-publica","tag-semana","tag-tcu","tag-virtual"],"_links":{"self":[{"href":"https:\/\/blogs.correiobraziliense.com.br\/servidor\/wp-json\/wp\/v2\/posts\/20799","targetHints":{"allow":["GET"]}}],"collection":[{"href":"https:\/\/blogs.correiobraziliense.com.br\/servidor\/wp-json\/wp\/v2\/posts"}],"about":[{"href":"https:\/\/blogs.correiobraziliense.com.br\/servidor\/wp-json\/wp\/v2\/types\/post"}],"author":[{"embeddable":true,"href":"https:\/\/blogs.correiobraziliense.com.br\/servidor\/wp-json\/wp\/v2\/users\/27"}],"replies":[{"embeddable":true,"href":"https:\/\/blogs.correiobraziliense.com.br\/servidor\/wp-json\/wp\/v2\/comments?post=20799"}],"version-history":[{"count":1,"href":"https:\/\/blogs.correiobraziliense.com.br\/servidor\/wp-json\/wp\/v2\/posts\/20799\/revisions"}],"predecessor-version":[{"id":20801,"href":"https:\/\/blogs.correiobraziliense.com.br\/servidor\/wp-json\/wp\/v2\/posts\/20799\/revisions\/20801"}],"wp:attachment":[{"href":"https:\/\/blogs.correiobraziliense.com.br\/servidor\/wp-json\/wp\/v2\/media?parent=20799"}],"wp:term":[{"taxonomy":"category","embeddable":true,"href":"https:\/\/blogs.correiobraziliense.com.br\/servidor\/wp-json\/wp\/v2\/categories?post=20799"},{"taxonomy":"post_tag","embeddable":true,"href":"https:\/\/blogs.correiobraziliense.com.br\/servidor\/wp-json\/wp\/v2\/tags?post=20799"}],"curies":[{"name":"wp","href":"https:\/\/api.w.org\/{rel}","templated":true}]}}