{"id":2077,"date":"2016-06-27T18:42:57","date_gmt":"2016-06-27T21:42:57","guid":{"rendered":"https:\/\/blogs.correiobraziliense.com.br\/servidor\/?p=2077"},"modified":"2016-06-27T18:46:26","modified_gmt":"2016-06-27T21:46:26","slug":"augusto-chiba-e-nomeado-secretario-de-relacoes-do-trabalho-do-planejamento","status":"publish","type":"post","link":"https:\/\/blogs.correiobraziliense.com.br\/servidor\/augusto-chiba-e-nomeado-secretario-de-relacoes-do-trabalho-do-planejamento\/","title":{"rendered":"Augusto Chiba \u00e9 nomeado secret\u00e1rio de Gest\u00e3o de Pessoas Rela\u00e7\u00f5es do Trabalho do Planejamento"},"content":{"rendered":"<p><em>Executivo ser\u00e1 o respons\u00e1vel pelas negocia\u00e7\u00f5es com o funcionalismo durante a gest\u00e3o do presidente interino Michel Temer<\/em><\/p>\n<p>Augusto Akira Chiba assume a Secretaria de Gest\u00e3o de Pessoas e Rela\u00e7\u00f5es de Trabalho do Minist\u00e9rio do Planejamento (SGPRT), em substitui\u00e7\u00e3o a S\u00e9rgio Mendon\u00e7a. Desde mar\u00e7o, o cargo estava vago. Nomeado nesta segunda (27), Chiba, foi diretor Departamento de Territ\u00f3rios Extintos (Depex) e tamb\u00e9m exerceu a Coordena\u00e7\u00e3o-Geral de Recursos Humanos (COGRH), do Minist\u00e9rio da Fazenda, na \u00e9poca de Guido Mantega.<\/p>\n<p>O posto estava sendo ocupado interinamente pela secret\u00e1ria adjunta Edina Maria Rocha de Lima desde a sa\u00edda de Mendon\u00e7a, em abril, \u00e0s v\u00e9speras do afastamento de Dilma Roussef da Presid\u00eancia da Rep\u00fablica. Com o novo secret\u00e1rio escolhido, os servidores est\u00e3o na expectativa da retomada r\u00e1pida da mesa de negocia\u00e7\u00f5es. Est\u00e3o tamb\u00e9m ansiosos pelo primeiro contato. Mendon\u00e7a era muito respeitado e admirado pelos sindicalistas. Era visto como sens\u00edvel e competente, apesar de ser apontado como um duro negociador.<\/p>\n","protected":false},"excerpt":{"rendered":"<p>Executivo ser\u00e1 o respons\u00e1vel pelas negocia\u00e7\u00f5es com o funcionalismo durante a gest\u00e3o do presidente interino Michel Temer Augusto Akira Chiba assume a Secretaria de Gest\u00e3o de Pessoas e Rela\u00e7\u00f5es de Trabalho do Minist\u00e9rio do Planejamento (SGPRT), em substitui\u00e7\u00e3o a S\u00e9rgio Mendon\u00e7a. Desde mar\u00e7o, o cargo estava vago. Nomeado nesta segunda (27), Chiba, foi diretor Departamento de Territ\u00f3rios Extintos (Depex) e [&hellip;]<\/p>\n","protected":false},"author":27,"featured_media":0,"comment_status":"open","ping_status":"closed","sticky":false,"template":"","format":"standard","meta":{"footnotes":""},"categories":[1],"tags":[2539,2542,2541,1164,141,42,1124,2540],"class_list":["post-2077","post","type-post","status-publish","format-standard","hentry","category-sem-categoria","tag-augusto-akira-chiba","tag-cogrh","tag-depex","tag-funcionalismo","tag-ministerio-do-planejamento","tag-negociacao","tag-responsavel","tag-sgprt"],"_links":{"self":[{"href":"https:\/\/blogs.correiobraziliense.com.br\/servidor\/wp-json\/wp\/v2\/posts\/2077","targetHints":{"allow":["GET"]}}],"collection":[{"href":"https:\/\/blogs.correiobraziliense.com.br\/servidor\/wp-json\/wp\/v2\/posts"}],"about":[{"href":"https:\/\/blogs.correiobraziliense.com.br\/servidor\/wp-json\/wp\/v2\/types\/post"}],"author":[{"embeddable":true,"href":"https:\/\/blogs.correiobraziliense.com.br\/servidor\/wp-json\/wp\/v2\/users\/27"}],"replies":[{"embeddable":true,"href":"https:\/\/blogs.correiobraziliense.com.br\/servidor\/wp-json\/wp\/v2\/comments?post=2077"}],"version-history":[{"count":3,"href":"https:\/\/blogs.correiobraziliense.com.br\/servidor\/wp-json\/wp\/v2\/posts\/2077\/revisions"}],"predecessor-version":[{"id":2080,"href":"https:\/\/blogs.correiobraziliense.com.br\/servidor\/wp-json\/wp\/v2\/posts\/2077\/revisions\/2080"}],"wp:attachment":[{"href":"https:\/\/blogs.correiobraziliense.com.br\/servidor\/wp-json\/wp\/v2\/media?parent=2077"}],"wp:term":[{"taxonomy":"category","embeddable":true,"href":"https:\/\/blogs.correiobraziliense.com.br\/servidor\/wp-json\/wp\/v2\/categories?post=2077"},{"taxonomy":"post_tag","embeddable":true,"href":"https:\/\/blogs.correiobraziliense.com.br\/servidor\/wp-json\/wp\/v2\/tags?post=2077"}],"curies":[{"name":"wp","href":"https:\/\/api.w.org\/{rel}","templated":true}]}}