{"id":20755,"date":"2021-09-24T16:24:59","date_gmt":"2021-09-24T19:24:59","guid":{"rendered":"https:\/\/blogs.correiobraziliense.com.br\/servidor\/?p=20755"},"modified":"2021-09-24T16:28:10","modified_gmt":"2021-09-24T19:28:10","slug":"servidores-estendem-faixa-gigante-contra-a-pec-32-na-ponte-hercilio-luz-em-florianopolis-sc","status":"publish","type":"post","link":"https:\/\/blogs.correiobraziliense.com.br\/servidor\/servidores-estendem-faixa-gigante-contra-a-pec-32-na-ponte-hercilio-luz-em-florianopolis-sc\/","title":{"rendered":"Servidores estendem faixa gigante contra a PEC 32 na Ponte Herc\u00edlio Luz, em Florian\u00f3polis\/SC"},"content":{"rendered":"<p><em><strong>A press\u00e3o continua. Uma semana ap\u00f3s terem sido impedidos pela Pol\u00edcia Militar de Santa Catarina de se manifestarem na ponte Herc\u00edlio Luz, em Florian\u00f3polis, servidores p\u00fablicos retornaram ao local na manh\u00e3 de quinta-feira, 23 de setembro, e estenderam uma faixa de 40 metros contra a Proposta de Emenda \u00e0 Constitui\u00e7\u00e3o (PEC) 32\/20, a chamada \u201cReforma Administrativa\u201d, do governo federal.<\/strong><\/em><\/p>\n<div style=\"padding-bottom: 56.25%;height: 0;overflow: hidden\">\n<p><iframe loading=\"lazy\" frameborder=\"0\" width=\"1440\" height=\"815\" src=\"https:\/\/www.dailymotion.com\/embed\/video\/x84f7f9\" allowfullscreen allow=\"autoplay\"><\/iframe><\/p>\n<\/div>\n<p>V\u00eddeo:\u00a0F\u00f3rum dos Servidores P\u00fablicos de Santa Catarina<\/p>\n<p>A coloca\u00e7\u00e3o da faixa \u00e9 uma iniciativa do F\u00f3rum dos Servidores P\u00fablicos de Santa Catarina, que re\u00fane mais de 25 sindicatos que est\u00e3o mobilizados contra a PEC 32, que est\u00e1 para ser votada no Congresso Nacional. A mensagem da faixa estendida na ponte \u00e9 sobre a luta contra a PEC 32, um recado das entidades sindicais aos trabalhadores e \u00e0 popula\u00e7\u00e3o em geral: \u201cOs sindicatos de trabalhadores de Santa Catarina est\u00e3o defendendo a tua vida! N\u00e3o \u00e0 Reforma Administrativa\u201d, destaca o F\u00f3rum.<\/p>\n<p>&nbsp;<\/p>\n","protected":false},"excerpt":{"rendered":"<p>A press\u00e3o continua. Uma semana ap\u00f3s terem sido impedidos pela Pol\u00edcia Militar de Santa Catarina de se manifestarem na ponte Herc\u00edlio Luz, em Florian\u00f3polis, servidores p\u00fablicos retornaram ao local na manh\u00e3 de quinta-feira, 23 de setembro, e estenderam uma faixa de 40 metros contra a Proposta de Emenda \u00e0 Constitui\u00e7\u00e3o (PEC) 32\/20, a chamada \u201cReforma Administrativa\u201d, do governo federal. V\u00eddeo:\u00a0F\u00f3rum [&hellip;]<\/p>\n","protected":false},"author":27,"featured_media":0,"comment_status":"open","ping_status":"closed","sticky":false,"template":"","format":"standard","meta":{"footnotes":""},"categories":[2719],"tags":[18800,15938,58],"class_list":["post-20755","post","type-post","status-publish","format-standard","hentry","category-servidor","tag-pec-32","tag-reforma-administrativa","tag-servidores"],"_links":{"self":[{"href":"https:\/\/blogs.correiobraziliense.com.br\/servidor\/wp-json\/wp\/v2\/posts\/20755","targetHints":{"allow":["GET"]}}],"collection":[{"href":"https:\/\/blogs.correiobraziliense.com.br\/servidor\/wp-json\/wp\/v2\/posts"}],"about":[{"href":"https:\/\/blogs.correiobraziliense.com.br\/servidor\/wp-json\/wp\/v2\/types\/post"}],"author":[{"embeddable":true,"href":"https:\/\/blogs.correiobraziliense.com.br\/servidor\/wp-json\/wp\/v2\/users\/27"}],"replies":[{"embeddable":true,"href":"https:\/\/blogs.correiobraziliense.com.br\/servidor\/wp-json\/wp\/v2\/comments?post=20755"}],"version-history":[{"count":6,"href":"https:\/\/blogs.correiobraziliense.com.br\/servidor\/wp-json\/wp\/v2\/posts\/20755\/revisions"}],"predecessor-version":[{"id":20763,"href":"https:\/\/blogs.correiobraziliense.com.br\/servidor\/wp-json\/wp\/v2\/posts\/20755\/revisions\/20763"}],"wp:attachment":[{"href":"https:\/\/blogs.correiobraziliense.com.br\/servidor\/wp-json\/wp\/v2\/media?parent=20755"}],"wp:term":[{"taxonomy":"category","embeddable":true,"href":"https:\/\/blogs.correiobraziliense.com.br\/servidor\/wp-json\/wp\/v2\/categories?post=20755"},{"taxonomy":"post_tag","embeddable":true,"href":"https:\/\/blogs.correiobraziliense.com.br\/servidor\/wp-json\/wp\/v2\/tags?post=20755"}],"curies":[{"name":"wp","href":"https:\/\/api.w.org\/{rel}","templated":true}]}}