{"id":20750,"date":"2021-09-24T14:25:13","date_gmt":"2021-09-24T17:25:13","guid":{"rendered":"https:\/\/blogs.correiobraziliense.com.br\/servidor\/?p=20750"},"modified":"2021-09-24T14:25:13","modified_gmt":"2021-09-24T17:25:13","slug":"servidores-do-topo-e-da-base-da-piramide-organizam-atos-contra-a-pec-32-em-28-de-setembro","status":"publish","type":"post","link":"https:\/\/blogs.correiobraziliense.com.br\/servidor\/servidores-do-topo-e-da-base-da-piramide-organizam-atos-contra-a-pec-32-em-28-de-setembro\/","title":{"rendered":"Servidores do topo e da base da pir\u00e2mide organizam atos contra a PEC 32 em 28 de setembro"},"content":{"rendered":"<p><em><strong>Ideia \u00e9 buscar sensibilizar parlamentares indecisos sobre os riscos para a destrui\u00e7\u00e3o do servi\u00e7o p\u00fablico. A manifesta\u00e7\u00e3o, na pr\u00f3xima ter\u00e7a-feira (28), \u00e0s 16 horas, \u00e9 para a &#8220;derrubada total da PEC 32, a fim de evitar a &#8216;privatiza\u00e7\u00e3o desenfreada e absurda do servi\u00e7o publico&#8217;\u201d<\/strong><\/em><\/p>\n<p><img loading=\"lazy\" decoding=\"async\" class=\"alignright size-full wp-image-20685\" src=\"https:\/\/blogs.correiobraziliense.com.br\/servidor\/wp-content\/uploads\/sites\/10\/2021\/09\/SE-VOTAR-N\u00c3O-VOLTA.jpg\" alt=\"\" width=\"702\" height=\"434\" srcset=\"https:\/\/blogs.correiobraziliense.com.br\/servidor\/wp-content\/uploads\/sites\/10\/2021\/09\/SE-VOTAR-N\u00c3O-VOLTA.jpg 702w, https:\/\/blogs.correiobraziliense.com.br\/servidor\/wp-content\/uploads\/sites\/10\/2021\/09\/SE-VOTAR-N\u00c3O-VOLTA-300x185.jpg 300w, https:\/\/blogs.correiobraziliense.com.br\/servidor\/wp-content\/uploads\/sites\/10\/2021\/09\/SE-VOTAR-N\u00c3O-VOLTA-550x340.jpg 550w, https:\/\/blogs.correiobraziliense.com.br\/servidor\/wp-content\/uploads\/sites\/10\/2021\/09\/SE-VOTAR-N\u00c3O-VOLTA-230x142.jpg 230w\" sizes=\"auto, (max-width: 702px) 100vw, 702px\" \/><\/p>\n<p>Um ato conjunto de todas as grandes entidades do funcionalismo (Fonacate, Fonasefe e Condsef) e outras organiza\u00e7\u00f5es sociais est\u00e1 programado para o pr\u00f3ximo dia 28, \u00e0s 16 horas, em frente ao Congresso Nacional para &#8220;denunciar as irrepar\u00e1veis e nocivas consequ\u00eancias para o servi\u00e7o p\u00fablico que a aprova\u00e7\u00e3o da PEC 32 acarretar\u00e1&#8221;, dizem os organizadores.<\/p>\n<p>O vice-presidente do Fonacate (Frente Nacional das Entidades de Carreiras de Estado) e presidente do Sinal (Sindicato Nacional dos Funcion\u00e1rios do Banco Central), F\u00e1bio Faiad, adiantou que o protesto tem como foto, sobretudo, os parlamentares indecisos, &#8220;j\u00e1 que o governo e os chamados tr\u00eas Cavaleiros do Apocalipse do servi\u00e7o p\u00fablico (os deputados Artur Lira, Arthur Maia e Fernando Monteiro) ainda n\u00e3o reuniram os 308 votos necess\u00e1rios para a sua aprova\u00e7\u00e3o, dada a dificuldade em construir consenso em torno de assunto complexo e sens\u00edvel&#8221;.<\/p>\n<p>Faiad diz que a vota\u00e7\u00e3o que aprovou o relat\u00f3rio na Comiss\u00e3o Especial da PEC 32 foi \u201ctratorada\u201d, conduzida de maneira antidemocr\u00e1tica pelo presidente da comiss\u00e3o, deputado federal Fernando Monteiro, que interditou os debates sobre o escopo do projeto e seus efeitos negativos sobre a sociedade, justamente porque o discurso de seus promotores \u201ccarece de qualidade\u201d.<\/p>\n<p>O ato, que contar\u00e1 com a presen\u00e7a de servidores p\u00fablicos do Distrito Federal e de outros Estados, \u00e9 para a derrubada total da PEC 32, a fim de evitar a \u201cprivatiza\u00e7\u00e3o desenfreada e absurda do servi\u00e7o publico\u201d, nas palavras de Faiad.<\/p>\n","protected":false},"excerpt":{"rendered":"<p>Ideia \u00e9 buscar sensibilizar parlamentares indecisos sobre os riscos para a destrui\u00e7\u00e3o do servi\u00e7o p\u00fablico. A manifesta\u00e7\u00e3o, na pr\u00f3xima ter\u00e7a-feira (28), \u00e0s 16 horas, \u00e9 para a &#8220;derrubada total da PEC 32, a fim de evitar a &#8216;privatiza\u00e7\u00e3o desenfreada e absurda do servi\u00e7o publico&#8217;\u201d Um ato conjunto de todas as grandes entidades do funcionalismo (Fonacate, Fonasefe e Condsef) e outras [&hellip;]<\/p>\n","protected":false},"author":27,"featured_media":0,"comment_status":"open","ping_status":"closed","sticky":false,"template":"","format":"standard","meta":{"footnotes":""},"categories":[2719],"tags":[651,5831,1734,268,18800,1001,15938,575,58,5829],"class_list":["post-20750","post","type-post","status-publish","format-standard","hentry","category-servidor","tag-atos","tag-indecisos","tag-manifestacoes","tag-parlamentares","tag-pec-32","tag-privatizacao","tag-reforma-administrativa","tag-servico-publico","tag-servidores","tag-votos"],"_links":{"self":[{"href":"https:\/\/blogs.correiobraziliense.com.br\/servidor\/wp-json\/wp\/v2\/posts\/20750","targetHints":{"allow":["GET"]}}],"collection":[{"href":"https:\/\/blogs.correiobraziliense.com.br\/servidor\/wp-json\/wp\/v2\/posts"}],"about":[{"href":"https:\/\/blogs.correiobraziliense.com.br\/servidor\/wp-json\/wp\/v2\/types\/post"}],"author":[{"embeddable":true,"href":"https:\/\/blogs.correiobraziliense.com.br\/servidor\/wp-json\/wp\/v2\/users\/27"}],"replies":[{"embeddable":true,"href":"https:\/\/blogs.correiobraziliense.com.br\/servidor\/wp-json\/wp\/v2\/comments?post=20750"}],"version-history":[{"count":1,"href":"https:\/\/blogs.correiobraziliense.com.br\/servidor\/wp-json\/wp\/v2\/posts\/20750\/revisions"}],"predecessor-version":[{"id":20751,"href":"https:\/\/blogs.correiobraziliense.com.br\/servidor\/wp-json\/wp\/v2\/posts\/20750\/revisions\/20751"}],"wp:attachment":[{"href":"https:\/\/blogs.correiobraziliense.com.br\/servidor\/wp-json\/wp\/v2\/media?parent=20750"}],"wp:term":[{"taxonomy":"category","embeddable":true,"href":"https:\/\/blogs.correiobraziliense.com.br\/servidor\/wp-json\/wp\/v2\/categories?post=20750"},{"taxonomy":"post_tag","embeddable":true,"href":"https:\/\/blogs.correiobraziliense.com.br\/servidor\/wp-json\/wp\/v2\/tags?post=20750"}],"curies":[{"name":"wp","href":"https:\/\/api.w.org\/{rel}","templated":true}]}}