{"id":20743,"date":"2021-09-23T22:24:51","date_gmt":"2021-09-24T01:24:51","guid":{"rendered":"https:\/\/blogs.correiobraziliense.com.br\/servidor\/?p=20743"},"modified":"2021-09-23T22:48:25","modified_gmt":"2021-09-24T01:48:25","slug":"pec-32-proporcionalidade-rasgada","status":"publish","type":"post","link":"https:\/\/blogs.correiobraziliense.com.br\/servidor\/pec-32-proporcionalidade-rasgada\/","title":{"rendered":"PEC 32: &#8220;Proporcionalidade rasgada&#8221;"},"content":{"rendered":"<p><em><strong>Governistas tem uma &#8220;vit\u00f3ria artificial&#8221; na aprova\u00e7\u00e3o do relat\u00f3rio da PEC 32\/2020, na comiss\u00e3o especial. No Plen\u00e1rio da C\u00e2mara e no Senado, segundo analistas, a reforma administrativa, do jeito que est\u00e1, dificilmente passa<\/strong><\/em><\/p>\n<p><img loading=\"lazy\" decoding=\"async\" class=\"size-full wp-image-20744 alignleft\" src=\"https:\/\/blogs.correiobraziliense.com.br\/servidor\/wp-content\/uploads\/sites\/10\/2021\/09\/RASGADO.jpg\" alt=\"\" width=\"225\" height=\"225\" srcset=\"https:\/\/blogs.correiobraziliense.com.br\/servidor\/wp-content\/uploads\/sites\/10\/2021\/09\/RASGADO.jpg 225w, https:\/\/blogs.correiobraziliense.com.br\/servidor\/wp-content\/uploads\/sites\/10\/2021\/09\/RASGADO-150x150.jpg 150w\" sizes=\"auto, (max-width: 225px) 100vw, 225px\" \/><\/p>\n<p>Para conseguir essa aparente vit\u00f3ria, a base governista usou de muita criatividade. \u201cUma coisa absurda. A proporcionalidade dos partidos foi rasgada\u201d, destaca Vladimir Nepomuceno, diretor da Insight Assessoria Parlamentar. Isso porque o presidente da Casa, Arthur Lira, de \u00faltima hora, trocou os membros da comiss\u00e3o especial que poderiam votar contra o texto. \u201cPediu a vaga e colocou seis parlamentares do Partido Novo que s\u00f3 tem oito deputados, do total de 513. Somente por isso ele aprovou a pauta\u201d, reclama Nepomuceno.<\/p>\n<p>\u201cOntem (quarta, 22), eles pediram uma pausa em meio \u00e0s discuss\u00f5es acaloradas e deixaram ultrapassar o tempo de uma hora. Pelo regimento, quando isso acontece, a sess\u00e3o est\u00e1 automaticamente encerrada. Quando voltaram hoje (quinta, 23), j\u00e1 apresentaram a nova composi\u00e7\u00e3o\u201d, assinala Nepomuceno. \u201cFoi uma vit\u00f3ria artificial do governo. A dificuldade para a aprova\u00e7\u00e3o da PEC no Plen\u00e1rio persiste. E no Senado vai ser mais dif\u00edcil ainda\u201d, complementa Luiz Alberto dos Santos.<\/p>\n<p>Ele chamou a aten\u00e7\u00e3o para o artigo 22 do substitutivo que \u201cfoi pouco comentado\u201d. \u00c9 o que diz que a Uni\u00e3o passar\u00e1 a ter compet\u00eancia para editar normas gerais sobre concursos, cria\u00e7\u00e3o, extin\u00e7\u00e3o de cargos e sal\u00e1rios, estrutura\u00e7\u00e3o de carreiras e pol\u00edtica remunerat\u00f3ria para todos os n\u00edveis de governo. Antes, segundo a proposta, isso seria feito por lei complementar. S\u00f3 que, agora, o relator permite que tudo isso, para os demais entes, seja feito por meio de MP do Executivo federal. \u201cTira a prerrogativa de governadores e prefeitos para organizar e administrar o quadro de pessoal. Vai gerar muita judicializa\u00e7\u00e3o\u201d, alerta Santos.<\/p>\n<p>O Movimento a Servi\u00e7o do Brasil, por meio de nota, tamb\u00e9m repudiou a iniciativa do governo. \u201cO comportamento da bancada governista com a apresenta\u00e7\u00e3o de in\u00fameros relat\u00f3rios, troca de parlamentares na comiss\u00e3o e atropelos ao regimento da C\u00e2mara indica que n\u00e3o h\u00e1 consenso para a reforma. O texto aprovado apenas entrega todo o setor p\u00fablico para o dom\u00ednio de pol\u00edticos e n\u00e3o representa moderniza\u00e7\u00e3o. Ap\u00f3s quase um ano de discuss\u00e3o, est\u00e1 evidente que o foco da PEC 32 \u00e9 o dom\u00ednio da m\u00e1quina p\u00fablica por pol\u00edticos, com n\u00edvel elevado de interfer\u00eancia, com livre nomea\u00e7\u00e3o de cargos comissionados\u201d, afirma.<\/p>\n<p>De acordo com o Movimento a Servi\u00e7o do Brasil, a\u00a0aprova\u00e7\u00e3o da PEC 32 na comiss\u00e3o especial da reforma administrativa nesta quinta-feira (23) consolida uma grave amea\u00e7a a todo o setor p\u00fablico e servi\u00e7os que s\u00e3o prestados \u00e0 popula\u00e7\u00e3o. &#8220;O relat\u00f3rio aprovado \u00e9 cheio de v\u00edcios, permite a politiza\u00e7\u00e3o e loteamento de todos os \u00f3rg\u00e3os p\u00fablicos, divide em castas todo o setor p\u00fablico, permite a privatiza\u00e7\u00e3o das estruturas p\u00fablicas, al\u00e9m de autorizar a redu\u00e7\u00e3o em 25% da jornada e do sal\u00e1rio&#8221;.<\/p>\n<p><em>Foto; iStock<\/em><\/p>\n","protected":false},"excerpt":{"rendered":"<p>Governistas tem uma &#8220;vit\u00f3ria artificial&#8221; na aprova\u00e7\u00e3o do relat\u00f3rio da PEC 32\/2020, na comiss\u00e3o especial. No Plen\u00e1rio da C\u00e2mara e no Senado, segundo analistas, a reforma administrativa, do jeito que est\u00e1, dificilmente passa Para conseguir essa aparente vit\u00f3ria, a base governista usou de muita criatividade. \u201cUma coisa absurda. A proporcionalidade dos partidos foi rasgada\u201d, destaca Vladimir Nepomuceno, diretor da Insight [&hellip;]<\/p>\n","protected":false},"author":27,"featured_media":0,"comment_status":"open","ping_status":"closed","sticky":false,"template":"","format":"standard","meta":{"footnotes":""},"categories":[2719],"tags":[61,1297,98,268,3335,17,18170,15938,4031,696,4200],"class_list":["post-20743","post","type-post","status-publish","format-standard","hentry","category-servidor","tag-camara","tag-criatividade","tag-governo","tag-parlamentares","tag-partidos","tag-pauta","tag-pec-32-2020","tag-reforma-administrativa","tag-relatorio","tag-senado","tag-substitutivo"],"_links":{"self":[{"href":"https:\/\/blogs.correiobraziliense.com.br\/servidor\/wp-json\/wp\/v2\/posts\/20743","targetHints":{"allow":["GET"]}}],"collection":[{"href":"https:\/\/blogs.correiobraziliense.com.br\/servidor\/wp-json\/wp\/v2\/posts"}],"about":[{"href":"https:\/\/blogs.correiobraziliense.com.br\/servidor\/wp-json\/wp\/v2\/types\/post"}],"author":[{"embeddable":true,"href":"https:\/\/blogs.correiobraziliense.com.br\/servidor\/wp-json\/wp\/v2\/users\/27"}],"replies":[{"embeddable":true,"href":"https:\/\/blogs.correiobraziliense.com.br\/servidor\/wp-json\/wp\/v2\/comments?post=20743"}],"version-history":[{"count":5,"href":"https:\/\/blogs.correiobraziliense.com.br\/servidor\/wp-json\/wp\/v2\/posts\/20743\/revisions"}],"predecessor-version":[{"id":20749,"href":"https:\/\/blogs.correiobraziliense.com.br\/servidor\/wp-json\/wp\/v2\/posts\/20743\/revisions\/20749"}],"wp:attachment":[{"href":"https:\/\/blogs.correiobraziliense.com.br\/servidor\/wp-json\/wp\/v2\/media?parent=20743"}],"wp:term":[{"taxonomy":"category","embeddable":true,"href":"https:\/\/blogs.correiobraziliense.com.br\/servidor\/wp-json\/wp\/v2\/categories?post=20743"},{"taxonomy":"post_tag","embeddable":true,"href":"https:\/\/blogs.correiobraziliense.com.br\/servidor\/wp-json\/wp\/v2\/tags?post=20743"}],"curies":[{"name":"wp","href":"https:\/\/api.w.org\/{rel}","templated":true}]}}