{"id":2073,"date":"2016-06-27T16:04:57","date_gmt":"2016-06-27T19:04:57","guid":{"rendered":"https:\/\/blogs.correiobraziliense.com.br\/servidor\/?p=2073"},"modified":"2016-06-27T16:08:18","modified_gmt":"2016-06-27T19:08:18","slug":"auditores-da-receita-terca-e-dia-nacional-sem-computador","status":"publish","type":"post","link":"https:\/\/blogs.correiobraziliense.com.br\/servidor\/auditores-da-receita-terca-e-dia-nacional-sem-computador\/","title":{"rendered":"Auditores da Receita &#8211; Ter\u00e7a \u00e9 Dia Nacional sem Computador"},"content":{"rendered":"<p>Auditores reeditam a mobiliza\u00e7\u00e3o por cumprimento do acordo salarial<\/p>\n<p>Os auditores fiscais voltaram a se mobilizar devido ao n\u00e3o cumprimento do acordo salarial, fechado em 23 de mar\u00e7o passado. Toda ter\u00e7a e quinta-feira realizam o Dia Nacional sem Computador, e tornam permanente a Opera\u00e7\u00e3o Meta Zero. A reuni\u00e3o que haveria amanh\u00e3 entre o Sindifisco Nacional (Sindicato Nacional dos Auditores Fiscais da Receita Federal) e o ministro Dyogo Oliveira (Planejamento) foi desmarcada. No encontro, os representantes da categoria cobrariam as raz\u00f5es pelas quais o Projeto de Lei 01\/2016 n\u00e3o seguiu para a Casa Civil.<\/p>\n<p>Apesar de o Pal\u00e1cio do Planalto indicar que ser\u00e3o cumpridos os acordos firmados na gest\u00e3o de Dilma Rousseff, a situa\u00e7\u00e3o atual preocupa os auditores. O PL, que trata do acordo, precisa ser enviado e aprovado at\u00e9 o dia 30, que \u00e9 quando termina o tempo h\u00e1bil para o reajuste salarial ser inclu\u00eddo na folha de agosto.<\/p>\n<p>A retomada do movimento dos auditores come\u00e7ou quinta-feira passada. A mobiliza\u00e7\u00e3o foi aprovada na assembleia nacional do dia 15 junho e ser\u00e1 por tempo indeterminado.<\/p>\n<p>Nos dias nacionais sem Computador, os auditores n\u00e3o acessam o sistema da Receita Federal para a execu\u00e7\u00e3o do trabalho. J\u00e1 a Meta Zero \u00e9 quando h\u00e1 o represamento dos cr\u00e9ditos tribut\u00e1rios, obtidos nas a\u00e7\u00f5es de fiscaliza\u00e7\u00e3o, para os cofres do Tesouro.<\/p>\n","protected":false},"excerpt":{"rendered":"<p>Auditores reeditam a mobiliza\u00e7\u00e3o por cumprimento do acordo salarial Os auditores fiscais voltaram a se mobilizar devido ao n\u00e3o cumprimento do acordo salarial, fechado em 23 de mar\u00e7o passado. Toda ter\u00e7a e quinta-feira realizam o Dia Nacional sem Computador, e tornam permanente a Opera\u00e7\u00e3o Meta Zero. A reuni\u00e3o que haveria amanh\u00e3 entre o Sindifisco Nacional (Sindicato Nacional dos Auditores Fiscais [&hellip;]<\/p>\n","protected":false},"author":27,"featured_media":0,"comment_status":"open","ping_status":"closed","sticky":false,"template":"","format":"standard","meta":{"footnotes":""},"categories":[1],"tags":[112,648,932,2538,481,294,18],"class_list":["post-2073","post","type-post","status-publish","format-standard","hentry","category-sem-categoria","tag-acordo","tag-auditores-fiscais","tag-cumprimento","tag-dia-nacional-sem-computador","tag-mobilizacao","tag-receita-federal","tag-salarial"],"_links":{"self":[{"href":"https:\/\/blogs.correiobraziliense.com.br\/servidor\/wp-json\/wp\/v2\/posts\/2073","targetHints":{"allow":["GET"]}}],"collection":[{"href":"https:\/\/blogs.correiobraziliense.com.br\/servidor\/wp-json\/wp\/v2\/posts"}],"about":[{"href":"https:\/\/blogs.correiobraziliense.com.br\/servidor\/wp-json\/wp\/v2\/types\/post"}],"author":[{"embeddable":true,"href":"https:\/\/blogs.correiobraziliense.com.br\/servidor\/wp-json\/wp\/v2\/users\/27"}],"replies":[{"embeddable":true,"href":"https:\/\/blogs.correiobraziliense.com.br\/servidor\/wp-json\/wp\/v2\/comments?post=2073"}],"version-history":[{"count":1,"href":"https:\/\/blogs.correiobraziliense.com.br\/servidor\/wp-json\/wp\/v2\/posts\/2073\/revisions"}],"predecessor-version":[{"id":2074,"href":"https:\/\/blogs.correiobraziliense.com.br\/servidor\/wp-json\/wp\/v2\/posts\/2073\/revisions\/2074"}],"wp:attachment":[{"href":"https:\/\/blogs.correiobraziliense.com.br\/servidor\/wp-json\/wp\/v2\/media?parent=2073"}],"wp:term":[{"taxonomy":"category","embeddable":true,"href":"https:\/\/blogs.correiobraziliense.com.br\/servidor\/wp-json\/wp\/v2\/categories?post=2073"},{"taxonomy":"post_tag","embeddable":true,"href":"https:\/\/blogs.correiobraziliense.com.br\/servidor\/wp-json\/wp\/v2\/tags?post=2073"}],"curies":[{"name":"wp","href":"https:\/\/api.w.org\/{rel}","templated":true}]}}