{"id":20726,"date":"2021-09-22T22:54:39","date_gmt":"2021-09-23T01:54:39","guid":{"rendered":"https:\/\/blogs.correiobraziliense.com.br\/servidor\/?p=20726"},"modified":"2021-09-22T22:54:39","modified_gmt":"2021-09-23T01:54:39","slug":"relator-apresenta-quinta-versao-da-reforma-administrativa-e-cria-confusao-na-comissao-especial","status":"publish","type":"post","link":"https:\/\/blogs.correiobraziliense.com.br\/servidor\/relator-apresenta-quinta-versao-da-reforma-administrativa-e-cria-confusao-na-comissao-especial\/","title":{"rendered":"Relator apresenta quinta vers\u00e3o da reforma administrativa e cria confus\u00e3o na comiss\u00e3o especial"},"content":{"rendered":"<p><em><strong>O \u00faltimo relat\u00f3rio da PEC 32\/2020, apresentado pelo relator, deputado federal Arthur Maia (DEM-BA), foi protocolado \u00e0s 21h08 dessa quarta-feira<\/strong><\/em><\/p>\n<p><img loading=\"lazy\" decoding=\"async\" class=\"alignright size-full wp-image-19865\" src=\"https:\/\/blogs.correiobraziliense.com.br\/servidor\/wp-content\/uploads\/sites\/10\/2021\/06\/ARTHUR-MAIA.jpg\" alt=\"\" width=\"640\" height=\"480\" srcset=\"https:\/\/blogs.correiobraziliense.com.br\/servidor\/wp-content\/uploads\/sites\/10\/2021\/06\/ARTHUR-MAIA.jpg 640w, https:\/\/blogs.correiobraziliense.com.br\/servidor\/wp-content\/uploads\/sites\/10\/2021\/06\/ARTHUR-MAIA-300x225.jpg 300w, https:\/\/blogs.correiobraziliense.com.br\/servidor\/wp-content\/uploads\/sites\/10\/2021\/06\/ARTHUR-MAIA-550x413.jpg 550w, https:\/\/blogs.correiobraziliense.com.br\/servidor\/wp-content\/uploads\/sites\/10\/2021\/06\/ARTHUR-MAIA-230x173.jpg 230w\" sizes=\"auto, (max-width: 640px) 100vw, 640px\" \/><\/p>\n<p>Parlamentares e servidores tentam at\u00e9 o momento barrar a tramita\u00e7\u00e3o. Querem que a proposta seja retirada.<\/p>\n<p>Para o presidente da Frente Parlamentar em Defesa do Servi\u00e7o P\u00fablico (Servir Brasil), deputado federal Israel Batista (PV-DF),\u00a0 \u201co texto ainda \u00e9 muito ruim\u201d. Ele defende que que o atual governo deveria desistir da proposta. \u201cN\u00f3s achamos que essa discuss\u00e3o deveria ser reiniciada, sob outro governo, j\u00e1 que esse governo n\u00e3o tem condi\u00e7\u00f5es pol\u00edticas e t\u00e9cnicas para levar um debate dessa envergadura \u00e0 frente\u201d, destacou.<\/p>\n","protected":false},"excerpt":{"rendered":"<p>O \u00faltimo relat\u00f3rio da PEC 32\/2020, apresentado pelo relator, deputado federal Arthur Maia (DEM-BA), foi protocolado \u00e0s 21h08 dessa quarta-feira Parlamentares e servidores tentam at\u00e9 o momento barrar a tramita\u00e7\u00e3o. Querem que a proposta seja retirada. Para o presidente da Frente Parlamentar em Defesa do Servi\u00e7o P\u00fablico (Servir Brasil), deputado federal Israel Batista (PV-DF),\u00a0 \u201co texto ainda \u00e9 muito ruim\u201d. [&hellip;]<\/p>\n","protected":false},"author":27,"featured_media":0,"comment_status":"open","ping_status":"closed","sticky":false,"template":"","format":"standard","meta":{"footnotes":""},"categories":[2719],"tags":[18800,15938,4031],"class_list":["post-20726","post","type-post","status-publish","format-standard","hentry","category-servidor","tag-pec-32","tag-reforma-administrativa","tag-relatorio"],"_links":{"self":[{"href":"https:\/\/blogs.correiobraziliense.com.br\/servidor\/wp-json\/wp\/v2\/posts\/20726","targetHints":{"allow":["GET"]}}],"collection":[{"href":"https:\/\/blogs.correiobraziliense.com.br\/servidor\/wp-json\/wp\/v2\/posts"}],"about":[{"href":"https:\/\/blogs.correiobraziliense.com.br\/servidor\/wp-json\/wp\/v2\/types\/post"}],"author":[{"embeddable":true,"href":"https:\/\/blogs.correiobraziliense.com.br\/servidor\/wp-json\/wp\/v2\/users\/27"}],"replies":[{"embeddable":true,"href":"https:\/\/blogs.correiobraziliense.com.br\/servidor\/wp-json\/wp\/v2\/comments?post=20726"}],"version-history":[{"count":1,"href":"https:\/\/blogs.correiobraziliense.com.br\/servidor\/wp-json\/wp\/v2\/posts\/20726\/revisions"}],"predecessor-version":[{"id":20727,"href":"https:\/\/blogs.correiobraziliense.com.br\/servidor\/wp-json\/wp\/v2\/posts\/20726\/revisions\/20727"}],"wp:attachment":[{"href":"https:\/\/blogs.correiobraziliense.com.br\/servidor\/wp-json\/wp\/v2\/media?parent=20726"}],"wp:term":[{"taxonomy":"category","embeddable":true,"href":"https:\/\/blogs.correiobraziliense.com.br\/servidor\/wp-json\/wp\/v2\/categories?post=20726"},{"taxonomy":"post_tag","embeddable":true,"href":"https:\/\/blogs.correiobraziliense.com.br\/servidor\/wp-json\/wp\/v2\/tags?post=20726"}],"curies":[{"name":"wp","href":"https:\/\/api.w.org\/{rel}","templated":true}]}}