{"id":20724,"date":"2021-09-22T22:10:40","date_gmt":"2021-09-23T01:10:40","guid":{"rendered":"https:\/\/blogs.correiobraziliense.com.br\/servidor\/?p=20724"},"modified":"2021-09-22T22:10:40","modified_gmt":"2021-09-23T01:10:40","slug":"apesar-das-mudancas-texto-da-pec-32-continua-ruim-diz-deputado-israel-batista","status":"publish","type":"post","link":"https:\/\/blogs.correiobraziliense.com.br\/servidor\/apesar-das-mudancas-texto-da-pec-32-continua-ruim-diz-deputado-israel-batista\/","title":{"rendered":"Apesar das mudan\u00e7as, texto da PEC 32 &#8220;continua ruim&#8221;, diz deputado Israel Batista"},"content":{"rendered":"<p><em><strong>O presidente da Frente Parlamentar em Defesa do Servi\u00e7o P\u00fablico (Servir Brasil), deputado federal Israel Batista (PV-DF), afirma que &#8220;o texto ainda \u00e9 muito ruim&#8221; e que esse governo deveria desistir da proposta. &#8220;N\u00f3s achamos que essa discuss\u00e3o deveria ser reiniciada, sob outro governo, j\u00e1 que esse governo n\u00e3o tem condi\u00e7\u00f5es pol\u00edticas e t\u00e9cnicas para levar um debate dessa envergadura \u00e0 frente&#8221;, destacou.<\/strong><\/em><\/p>\n<p><img loading=\"lazy\" decoding=\"async\" class=\"alignright size-full wp-image-19902\" src=\"https:\/\/blogs.correiobraziliense.com.br\/servidor\/wp-content\/uploads\/sites\/10\/2021\/06\/ISRAEL-BATISTA.jpg\" alt=\"\" width=\"640\" height=\"480\" srcset=\"https:\/\/blogs.correiobraziliense.com.br\/servidor\/wp-content\/uploads\/sites\/10\/2021\/06\/ISRAEL-BATISTA.jpg 640w, https:\/\/blogs.correiobraziliense.com.br\/servidor\/wp-content\/uploads\/sites\/10\/2021\/06\/ISRAEL-BATISTA-300x225.jpg 300w, https:\/\/blogs.correiobraziliense.com.br\/servidor\/wp-content\/uploads\/sites\/10\/2021\/06\/ISRAEL-BATISTA-550x413.jpg 550w, https:\/\/blogs.correiobraziliense.com.br\/servidor\/wp-content\/uploads\/sites\/10\/2021\/06\/ISRAEL-BATISTA-230x173.jpg 230w\" sizes=\"auto, (max-width: 640px) 100vw, 640px\" \/><\/p>\n<p>A Servir Brasil vai votar contra o substitutivo do deputado Arthur Maia (DEM-BA) na comiss\u00e3o especial. &#8220;E vamos tentar impedir que o governo obtenha maioria de 308 votos&#8221;. Ele concorda que, ap\u00f3s a apresenta\u00e7\u00e3o de v\u00e1rias vers\u00f5es, houve alguns avan\u00e7os. &#8220;Mas avan\u00e7os em um texto que \u00e9 muito ruim&#8221;, reiterou.<\/p>\n","protected":false},"excerpt":{"rendered":"<p>O presidente da Frente Parlamentar em Defesa do Servi\u00e7o P\u00fablico (Servir Brasil), deputado federal Israel Batista (PV-DF), afirma que &#8220;o texto ainda \u00e9 muito ruim&#8221; e que esse governo deveria desistir da proposta. &#8220;N\u00f3s achamos que essa discuss\u00e3o deveria ser reiniciada, sob outro governo, j\u00e1 que esse governo n\u00e3o tem condi\u00e7\u00f5es pol\u00edticas e t\u00e9cnicas para levar um debate dessa envergadura [&hellip;]<\/p>\n","protected":false},"author":27,"featured_media":0,"comment_status":"open","ping_status":"closed","sticky":false,"template":"","format":"standard","meta":{"footnotes":""},"categories":[2719],"tags":[4148,98,18170,54,18468,5829],"class_list":["post-20724","post","type-post","status-publish","format-standard","hentry","category-servidor","tag-comissao-especial","tag-governo","tag-pec-32-2020","tag-proposta","tag-servir-brasil","tag-votos"],"_links":{"self":[{"href":"https:\/\/blogs.correiobraziliense.com.br\/servidor\/wp-json\/wp\/v2\/posts\/20724","targetHints":{"allow":["GET"]}}],"collection":[{"href":"https:\/\/blogs.correiobraziliense.com.br\/servidor\/wp-json\/wp\/v2\/posts"}],"about":[{"href":"https:\/\/blogs.correiobraziliense.com.br\/servidor\/wp-json\/wp\/v2\/types\/post"}],"author":[{"embeddable":true,"href":"https:\/\/blogs.correiobraziliense.com.br\/servidor\/wp-json\/wp\/v2\/users\/27"}],"replies":[{"embeddable":true,"href":"https:\/\/blogs.correiobraziliense.com.br\/servidor\/wp-json\/wp\/v2\/comments?post=20724"}],"version-history":[{"count":1,"href":"https:\/\/blogs.correiobraziliense.com.br\/servidor\/wp-json\/wp\/v2\/posts\/20724\/revisions"}],"predecessor-version":[{"id":20725,"href":"https:\/\/blogs.correiobraziliense.com.br\/servidor\/wp-json\/wp\/v2\/posts\/20724\/revisions\/20725"}],"wp:attachment":[{"href":"https:\/\/blogs.correiobraziliense.com.br\/servidor\/wp-json\/wp\/v2\/media?parent=20724"}],"wp:term":[{"taxonomy":"category","embeddable":true,"href":"https:\/\/blogs.correiobraziliense.com.br\/servidor\/wp-json\/wp\/v2\/categories?post=20724"},{"taxonomy":"post_tag","embeddable":true,"href":"https:\/\/blogs.correiobraziliense.com.br\/servidor\/wp-json\/wp\/v2\/tags?post=20724"}],"curies":[{"name":"wp","href":"https:\/\/api.w.org\/{rel}","templated":true}]}}