{"id":20705,"date":"2021-09-21T18:30:59","date_gmt":"2021-09-21T21:30:59","guid":{"rendered":"https:\/\/blogs.correiobraziliense.com.br\/servidor\/?p=20705"},"modified":"2021-09-21T18:30:59","modified_gmt":"2021-09-21T21:30:59","slug":"servir-brasil-protocola-pedido-pela-rejeicao-da-pec-32-2020","status":"publish","type":"post","link":"https:\/\/blogs.correiobraziliense.com.br\/servidor\/servir-brasil-protocola-pedido-pela-rejeicao-da-pec-32-2020\/","title":{"rendered":"Servir Brasil protocola pedido pela rejei\u00e7\u00e3o da PEC 32\/2020"},"content":{"rendered":"<p><em><strong>A Frente Parlamentar Servir Brasil destaca que\u00a0a proposta \u00e9 flagrantemente\u00a0inconstitucional &#8220;por abolir direitos e garantias fundamentais;\u00a0terceirizar o servi\u00e7o p\u00fablico; n\u00e3o combater privil\u00e9gios dos membros\u00a0de poder; facilitar a demiss\u00e3o dos servidores p\u00fablicos; gerar\u00a0inseguran\u00e7a jur\u00eddica; prejudicar direito adquirido; precarizar rela\u00e7\u00f5es\u00a0 trabalhistas; n\u00e3o atender os anseios da sociedade e representar um\u00a0grave retrocesso social&#8221;\u00a0<\/strong><\/em><\/p>\n<p><img loading=\"lazy\" decoding=\"async\" class=\"alignright size-full wp-image-19902\" src=\"https:\/\/blogs.correiobraziliense.com.br\/servidor\/wp-content\/uploads\/sites\/10\/2021\/06\/ISRAEL-BATISTA.jpg\" alt=\"\" width=\"640\" height=\"480\" srcset=\"https:\/\/blogs.correiobraziliense.com.br\/servidor\/wp-content\/uploads\/sites\/10\/2021\/06\/ISRAEL-BATISTA.jpg 640w, https:\/\/blogs.correiobraziliense.com.br\/servidor\/wp-content\/uploads\/sites\/10\/2021\/06\/ISRAEL-BATISTA-300x225.jpg 300w, https:\/\/blogs.correiobraziliense.com.br\/servidor\/wp-content\/uploads\/sites\/10\/2021\/06\/ISRAEL-BATISTA-550x413.jpg 550w, https:\/\/blogs.correiobraziliense.com.br\/servidor\/wp-content\/uploads\/sites\/10\/2021\/06\/ISRAEL-BATISTA-230x173.jpg 230w\" sizes=\"auto, (max-width: 640px) 100vw, 640px\" \/><\/p>\n<p>De acordo com o deputado federal Professor Israel Batista (PV-DF), presidente da Servir Brasil,\u00a0o parecer do relator n\u00e3o comtemplou as cr\u00edticas\u00a0apresentadas pela sociedade, ao contr\u00e1rio, refor\u00e7ou diversos\u00a0problemas que dizem respeito \u00e0 precariza\u00e7\u00e3o do servi\u00e7o\u00a0p\u00fablico e \u00e0 possibilidade de demiss\u00e3o dos servidores atuais e\u00a0futuros.<\/p>\n<p>No pedido de rejei\u00e7\u00e3o, o parlamentar destaca que &#8220;haver\u00e1 uma \u201cfarra\u201d de contratos tempor\u00e1rios e de\u00a0terceiriza\u00e7\u00e3o de m\u00e3o de obra, o que na pr\u00e1tica ser\u00e1 o fim dos\u00a0concursos p\u00fablicos&#8221;. Ele revela que as pessoas contratadas por tempo determinado n\u00e3o\u00a0ter\u00e3o incentivos de melhorias, pois sabem que poder\u00e3o ser demitidas\u00a0a qualquer momento, sem justa causa, e ter\u00e3o que procurar nova\u00a0coloca\u00e7\u00e3o no mercado de trabalho.<\/p>\n<p>&#8220;Trata-se de um v\u00ednculo\u00a0empregat\u00edcio prec\u00e1rio. Pode ser entendido como se o Estado\u00a0estivesse dando um \u201cmau exemplo\u201d, em franco desrespeito aos\u00a0direitos trabalhistas, criando uma nova classe de trabalhadores \u201ccom<br \/>\nemprego, mas sem condi\u00e7\u00f5es de sustento\u201d&#8221;, refor\u00e7a o deputado.<\/p>\n<p>De acordo com Israel Batista, o texto retira os\u00a0seguintes direitos trabalhistas previstos nos seguintes incisos<br \/>\ndo art. 7\u00ba da CF:<br \/>\n\uf0b7 rela\u00e7\u00e3o de emprego protegida contra despedida\u00a0arbitr\u00e1ria ou sem justa causa, nos termos de lei\u00a0complementar, que prever\u00e1 indeniza\u00e7\u00e3o compensat\u00f3ria,\u00a0dentre outros direitos(I);<br \/>\n\uf0b7 seguro-desemprego, em caso de desemprego\u00a0involunt\u00e1rio(II);<br \/>\n\uf0b7 fundo de garantia do tempo de servi\u00e7o(III);<br \/>\n\uf0b7 participa\u00e7\u00e3o nos lucros, ou resultados, desvinculada da\u00a0remunera\u00e7\u00e3o, e, excepcionalmente, participa\u00e7\u00e3o na\u00a0 gest\u00e3o da empresa, conforme definido em lei (XI);<br \/>\n\uf0b7 aviso pr\u00e9vio proporcional ao tempo de servi\u00e7o, sendo no\u00a0m\u00ednimo de trinta dias, nos termos da lei(XXI);<br \/>\n\uf0b7 aposentadoria (XXIV); a<br \/>\n\uf0b7 assist\u00eancia gratuita aos filhos e dependentes desde o\u00a0nascimento at\u00e9 5 (cinco) anos de idade em creches e<br \/>\npr\u00e9-escolas(XXV);<br \/>\n\uf0b7 reconhecimento das conven\u00e7\u00f5es e acordos coletivos de\u00a0trabalho (XXVI);<br \/>\n\uf0b7 prote\u00e7\u00e3o em face da automa\u00e7\u00e3o, na forma da lei (XXVII);<br \/>\n\uf0b7 seguro contra acidentes de trabalho, a cargo do\u00a0empregador, sem excluir a indeniza\u00e7\u00e3o a que este est\u00e1<br \/>\nobrigado, quando incorrer em dolo ou culpa (XXVIII);<br \/>\n\uf0b7 a\u00e7\u00e3o, quanto aos cr\u00e9ditos resultantes das rela\u00e7\u00f5es de\u00a0trabalho, com prazo prescricional de cinco anos para os<br \/>\ntrabalhadores urbanos e rurais, at\u00e9 o limite de dois anos\u00a0ap\u00f3s a extin\u00e7\u00e3o do contrato de trabalho (XIX); proibi\u00e7\u00e3o<br \/>\nde diferen\u00e7a de sal\u00e1rios, de exerc\u00edcio de fun\u00e7\u00f5es e de\u00a0crit\u00e9rio de admiss\u00e3o por motivo de sexo, idade, cor ou<br \/>\nestado civil (XXX);<br \/>\n\uf0b7 proibi\u00e7\u00e3o de qualquer discrimina\u00e7\u00e3o no tocante a sal\u00e1rio\u00a0e crit\u00e9rios de admiss\u00e3o do trabalhador portador de<br \/>\ndefici\u00eancia (XXXI);<br \/>\n\uf0b7 igualdade de direitos entre o trabalhador com v\u00ednculo\u00a0empregat\u00edcio permanente e o trabalhador avulso<br \/>\n(XXXIV).<\/p>\n","protected":false},"excerpt":{"rendered":"<p>A Frente Parlamentar Servir Brasil destaca que\u00a0a proposta \u00e9 flagrantemente\u00a0inconstitucional &#8220;por abolir direitos e garantias fundamentais;\u00a0terceirizar o servi\u00e7o p\u00fablico; n\u00e3o combater privil\u00e9gios dos membros\u00a0de poder; facilitar a demiss\u00e3o dos servidores p\u00fablicos; gerar\u00a0inseguran\u00e7a jur\u00eddica; prejudicar direito adquirido; precarizar rela\u00e7\u00f5es\u00a0 trabalhistas; n\u00e3o atender os anseios da sociedade e representar um\u00a0grave retrocesso social&#8221;\u00a0 De acordo com o deputado federal Professor Israel Batista (PV-DF), [&hellip;]<\/p>\n","protected":false},"author":27,"featured_media":0,"comment_status":"open","ping_status":"closed","sticky":false,"template":"","format":"standard","meta":{"footnotes":""},"categories":[2719],"tags":[1017,291,13924,18170,19324,955,15938,705,18468,1251],"class_list":["post-20705","post","type-post","status-publish","format-standard","hentry","category-servidor","tag-demissao","tag-inconstitucional","tag-inseguranca-juridica","tag-pec-32-2020","tag-pedido-de-rejeicao","tag-privilegios","tag-reforma-administrativa","tag-retrocesso","tag-servir-brasil","tag-terceirizacao"],"_links":{"self":[{"href":"https:\/\/blogs.correiobraziliense.com.br\/servidor\/wp-json\/wp\/v2\/posts\/20705","targetHints":{"allow":["GET"]}}],"collection":[{"href":"https:\/\/blogs.correiobraziliense.com.br\/servidor\/wp-json\/wp\/v2\/posts"}],"about":[{"href":"https:\/\/blogs.correiobraziliense.com.br\/servidor\/wp-json\/wp\/v2\/types\/post"}],"author":[{"embeddable":true,"href":"https:\/\/blogs.correiobraziliense.com.br\/servidor\/wp-json\/wp\/v2\/users\/27"}],"replies":[{"embeddable":true,"href":"https:\/\/blogs.correiobraziliense.com.br\/servidor\/wp-json\/wp\/v2\/comments?post=20705"}],"version-history":[{"count":1,"href":"https:\/\/blogs.correiobraziliense.com.br\/servidor\/wp-json\/wp\/v2\/posts\/20705\/revisions"}],"predecessor-version":[{"id":20706,"href":"https:\/\/blogs.correiobraziliense.com.br\/servidor\/wp-json\/wp\/v2\/posts\/20705\/revisions\/20706"}],"wp:attachment":[{"href":"https:\/\/blogs.correiobraziliense.com.br\/servidor\/wp-json\/wp\/v2\/media?parent=20705"}],"wp:term":[{"taxonomy":"category","embeddable":true,"href":"https:\/\/blogs.correiobraziliense.com.br\/servidor\/wp-json\/wp\/v2\/categories?post=20705"},{"taxonomy":"post_tag","embeddable":true,"href":"https:\/\/blogs.correiobraziliense.com.br\/servidor\/wp-json\/wp\/v2\/tags?post=20705"}],"curies":[{"name":"wp","href":"https:\/\/api.w.org\/{rel}","templated":true}]}}