{"id":20696,"date":"2021-09-21T17:32:59","date_gmt":"2021-09-21T20:32:59","guid":{"rendered":"https:\/\/blogs.correiobraziliense.com.br\/servidor\/?p=20696"},"modified":"2021-09-21T17:32:59","modified_gmt":"2021-09-21T20:32:59","slug":"atos-contra-crises-politica-e-economica-em-2-de-outubro","status":"publish","type":"post","link":"https:\/\/blogs.correiobraziliense.com.br\/servidor\/atos-contra-crises-politica-e-economica-em-2-de-outubro\/","title":{"rendered":"Atos contra crises pol\u00edtica e econ\u00f4mica em 2 de outubro"},"content":{"rendered":"<p><em><strong>Centrais sindicais convocam ato em 2 de outubro contra &#8220;o descaso do governo na sa\u00fade, crise pol\u00edtica, uma nefasta pol\u00edtica econ\u00f4mica, com aumento recorde do desemprego e falta de renda, aumento de juros, enquanto os pre\u00e7os dos alimentos, combust\u00edveis, g\u00e1s de cozinha e energia el\u00e9trica n\u00e3o param de subir, o que deixa a vida dos brasileiros em numa condi\u00e7\u00e3o de extrema vulnerabilidade&#8221;<\/strong><\/em><\/p>\n<p>&nbsp;<\/p>\n<p><img loading=\"lazy\" decoding=\"async\" class=\"size-full wp-image-20146 aligncenter\" src=\"https:\/\/blogs.correiobraziliense.com.br\/servidor\/wp-content\/uploads\/sites\/10\/2021\/07\/RACISMO.jpg\" alt=\"\" width=\"750\" height=\"500\" srcset=\"https:\/\/blogs.correiobraziliense.com.br\/servidor\/wp-content\/uploads\/sites\/10\/2021\/07\/RACISMO.jpg 750w, https:\/\/blogs.correiobraziliense.com.br\/servidor\/wp-content\/uploads\/sites\/10\/2021\/07\/RACISMO-300x200.jpg 300w, https:\/\/blogs.correiobraziliense.com.br\/servidor\/wp-content\/uploads\/sites\/10\/2021\/07\/RACISMO-550x367.jpg 550w, https:\/\/blogs.correiobraziliense.com.br\/servidor\/wp-content\/uploads\/sites\/10\/2021\/07\/RACISMO-230x153.jpg 230w\" sizes=\"auto, (max-width: 750px) 100vw, 750px\" \/><\/p>\n<p>&#8220;\u00c9 preciso dar uma Basta j\u00e1 a essa pol\u00edtica autorit\u00e1ria e incompetente. O pr\u00f3ximo dia 2 de Outubro \u00e9, portanto, mais um grande momento de irmos \u00e0s ruas para gritar em alto e bom som: Chega! O Brasil precisa urgentemente de um novo projeto com desenvolvimento econ\u00f4mico sustent\u00e1vel, com emprego, renda, sa\u00fade, moradia, transporte e educa\u00e7\u00e3o dignos e para todos&#8221;, informa a For\u00e7a Sindical.<\/p>\n<p>Veja a nota:<br \/>\n&#8220;As Centrais Sindicais, protagonistas hist\u00f3ricas da sociedade, convocam para os Atos Programados no Dia 2 de Outubro em todo o Pa\u00eds e diversas cidades do mundo. Chega!<\/p>\n<p>Fora Bolsonaro!<br \/>\nEm S\u00e3o Paulo, o Ato acontecer\u00e1, a partir das 14 horas, na Av. Paulista, defronte ao Masp.<\/p>\n<p>\u00c9 importante ressaltar que o Brasil vive um momento muito dif\u00edcil e perturbador, com o descaso do governo na sa\u00fade, crise pol\u00edtica, uma nefasta pol\u00edtica econ\u00f4mica, com aumento recorde do desemprego e falta de renda, aumento de juros, enquanto os pre\u00e7os dos alimentos, combust\u00edveis, g\u00e1s de cozinha e energia el\u00e9trica n\u00e3o param de subir, o que deixa a vida dos brasileiros em numa condi\u00e7\u00e3o de extrema vulnerabilidade.<\/p>\n<p>\u00c9 preciso dar uma Basta j\u00e1 a essa pol\u00edtica autorit\u00e1ria e incompetente. O pr\u00f3ximo dia 2 de Outubro \u00e9, portanto, mais um grande momento de irmos \u00e0s ruas para gritar em alto e bom som: Chega! O Brasil precisa urgentemente de um novo projeto com desenvolvimento econ\u00f4mico sustent\u00e1vel, com emprego, renda, sa\u00fade, moradia, transporte e educa\u00e7\u00e3o dignos e para todos.<\/p>\n<p>Portanto, no Dia 2 de Outubro, \u00e9 importante fortalecer e intensificar a presen\u00e7a da classe trabalhadora organizada nas manifesta\u00e7\u00f5es de ruas, nas assembleias, atos e passeatas.<br \/>\nParticipe! Leve a bandeira, faixas e cartazes da sua entidade demonstrando sua indigna\u00e7\u00e3o com atual governo e pol\u00edtica econ\u00f4mica.<\/p>\n<p>Ressaltamos a import\u00e2ncia de usar m\u00e1scara, \u00e1lcool gel e respeitando o distanciamento durante os atos!<\/p>\n<p>Viva a Democracia!<\/p>\n<p>Miguel Torres<br \/>\nPresidente da For\u00e7a Sindical<\/p>\n<p>Jo\u00e3o Carlos Gon\u00e7alves (Juruna)<br \/>\nSecret\u00e1rio-geral&#8221;<\/p>\n","protected":false},"excerpt":{"rendered":"<p>Centrais sindicais convocam ato em 2 de outubro contra &#8220;o descaso do governo na sa\u00fade, crise pol\u00edtica, uma nefasta pol\u00edtica econ\u00f4mica, com aumento recorde do desemprego e falta de renda, aumento de juros, enquanto os pre\u00e7os dos alimentos, combust\u00edveis, g\u00e1s de cozinha e energia el\u00e9trica n\u00e3o param de subir, o que deixa a vida dos brasileiros em numa condi\u00e7\u00e3o de [&hellip;]<\/p>\n","protected":false},"author":27,"featured_media":0,"comment_status":"open","ping_status":"closed","sticky":false,"template":"","format":"standard","meta":{"footnotes":""},"categories":[2719],"tags":[4537,651,1101,3819,366,2293,367,632,572,98,1102,1415,3911,555,358,616,9667],"class_list":["post-20696","post","type-post","status-publish","format-standard","hentry","category-servidor","tag-alimentos","tag-atos","tag-centrais-sindicais","tag-combustiveis","tag-crise","tag-desemprego","tag-economica","tag-energia-eletrica","tag-gas","tag-governo","tag-juros","tag-politica","tag-precos","tag-protestos","tag-renda","tag-saude","tag-vulnerabilidade"],"_links":{"self":[{"href":"https:\/\/blogs.correiobraziliense.com.br\/servidor\/wp-json\/wp\/v2\/posts\/20696","targetHints":{"allow":["GET"]}}],"collection":[{"href":"https:\/\/blogs.correiobraziliense.com.br\/servidor\/wp-json\/wp\/v2\/posts"}],"about":[{"href":"https:\/\/blogs.correiobraziliense.com.br\/servidor\/wp-json\/wp\/v2\/types\/post"}],"author":[{"embeddable":true,"href":"https:\/\/blogs.correiobraziliense.com.br\/servidor\/wp-json\/wp\/v2\/users\/27"}],"replies":[{"embeddable":true,"href":"https:\/\/blogs.correiobraziliense.com.br\/servidor\/wp-json\/wp\/v2\/comments?post=20696"}],"version-history":[{"count":1,"href":"https:\/\/blogs.correiobraziliense.com.br\/servidor\/wp-json\/wp\/v2\/posts\/20696\/revisions"}],"predecessor-version":[{"id":20697,"href":"https:\/\/blogs.correiobraziliense.com.br\/servidor\/wp-json\/wp\/v2\/posts\/20696\/revisions\/20697"}],"wp:attachment":[{"href":"https:\/\/blogs.correiobraziliense.com.br\/servidor\/wp-json\/wp\/v2\/media?parent=20696"}],"wp:term":[{"taxonomy":"category","embeddable":true,"href":"https:\/\/blogs.correiobraziliense.com.br\/servidor\/wp-json\/wp\/v2\/categories?post=20696"},{"taxonomy":"post_tag","embeddable":true,"href":"https:\/\/blogs.correiobraziliense.com.br\/servidor\/wp-json\/wp\/v2\/tags?post=20696"}],"curies":[{"name":"wp","href":"https:\/\/api.w.org\/{rel}","templated":true}]}}