{"id":20687,"date":"2021-09-19T22:03:00","date_gmt":"2021-09-20T01:03:00","guid":{"rendered":"https:\/\/blogs.correiobraziliense.com.br\/servidor\/?p=20687"},"modified":"2021-09-19T22:03:00","modified_gmt":"2021-09-20T01:03:00","slug":"para-servidores-essa-semana-e-decisiva-contra-a-reforma-administrativa","status":"publish","type":"post","link":"https:\/\/blogs.correiobraziliense.com.br\/servidor\/para-servidores-essa-semana-e-decisiva-contra-a-reforma-administrativa\/","title":{"rendered":"Para servidores, essa semana \u00e9 decisiva contra a reforma administrativa"},"content":{"rendered":"<p><em><strong>A Confedera\u00e7\u00e3o Nacional dos Trabalhadores no Servi\u00e7o P\u00fablico Federal (Condsef) entende que a mobiliza\u00e7\u00e3o dos servidores obrigou os deputados governistas a adiarem a tentativa de aprova\u00e7\u00e3o da reforma administrativa, por falta dos votos necess\u00e1rios<\/strong><\/em><\/p>\n<p>&nbsp;<\/p>\n<p><img loading=\"lazy\" decoding=\"async\" class=\"alignright size-full wp-image-19494\" src=\"https:\/\/blogs.correiobraziliense.com.br\/servidor\/wp-content\/uploads\/sites\/10\/2021\/05\/N\u00c3O-\u00c0-REFORMA-ADMINISTRATIVA.jpg\" alt=\"\" width=\"401\" height=\"400\" srcset=\"https:\/\/blogs.correiobraziliense.com.br\/servidor\/wp-content\/uploads\/sites\/10\/2021\/05\/N\u00c3O-\u00c0-REFORMA-ADMINISTRATIVA.jpg 401w, https:\/\/blogs.correiobraziliense.com.br\/servidor\/wp-content\/uploads\/sites\/10\/2021\/05\/N\u00c3O-\u00c0-REFORMA-ADMINISTRATIVA-150x150.jpg 150w, https:\/\/blogs.correiobraziliense.com.br\/servidor\/wp-content\/uploads\/sites\/10\/2021\/05\/N\u00c3O-\u00c0-REFORMA-ADMINISTRATIVA-300x300.jpg 300w, https:\/\/blogs.correiobraziliense.com.br\/servidor\/wp-content\/uploads\/sites\/10\/2021\/05\/N\u00c3O-\u00c0-REFORMA-ADMINISTRATIVA-230x229.jpg 230w\" sizes=\"auto, (max-width: 401px) 100vw, 401px\" \/><\/p>\n<p>O relator da PEC\/32, deputado federal Arthur Maia (DEM-BA), apresentou um substitutivo para ser apreciado entre ter\u00e7a e quinta pr\u00f3ximas mas, ao contr\u00e1rio de conseguir mais votos, provocou ainda mais crise, destacam os servidores. &#8220;\u00c9 hora de aumentar a press\u00e3o. Participe das atividades em Bras\u00edlia&#8221;, convidam.<\/p>\n<p><strong>Veja o calend\u00e1rio:<\/strong><\/p>\n<p>Segunda-feira &#8211; 20.09<br \/>\n16h00 &#8211; Aeroporto de Bras\u00edlia para recepcionar os parlamentares<\/p>\n<p>Ter\u00e7a-feira &#8211; 21.09<br \/>\n7h00 &#8211; novamente no Aeroporto de Bras\u00edlia, continuar a recep\u00e7\u00e3o aos parlamentares<br \/>\n14h00 &#8211; Ato no Anexo II da C\u00e2mara dos Deputados<\/p>\n<p>Quarta-feira, 22.09 e Quinta-feira, 23.09<br \/>\nAtividades na C\u00e2mara a serem informadas a partir da tramita\u00e7\u00e3o da PEC na ter\u00e7a-feira<\/p>\n<p>Veja a circular divulgadas pelos servidores:<\/p>\n<p>&#8220;Senhoras e Senhores Parlamentares:<br \/>\n\u201cN\u00c3O TEM EMENDA, N\u00c3O TEM ARREGO, SE VOTAR A PEC ACABOU O SEU SOSSEGO!\u201d<br \/>\nTivemos uma vit\u00f3ria muito importante nesta quinta-feira, 16\/09, com o adiamento da vota\u00e7\u00e3o da PEC 32,\u00a0na Comiss\u00e3o Especial, para a pr\u00f3xima ter\u00e7a-feira.<br \/>\n\u00c9, antes de tudo, resultado da press\u00e3o dos servidores que se espalha pelo pa\u00eds nos munic\u00edpios, estados\u00a0e uni\u00e3o.<br \/>\nMesmo as negocia\u00e7\u00f5es com a \u201cbancada da bala\u201d n\u00e3o foram suficientes para dar seguran\u00e7a ao governo,\u00a0ao presidente da C\u00e2mara e ao relator do projeto a ponto de colocarem o relat\u00f3rio em vota\u00e7\u00e3o.<br \/>\nEm mat\u00e9ria do <em><strong>Correio Braziliense,<\/strong><\/em> Lira confessa que adiou a vota\u00e7\u00e3o da reforma administrativa para\u00a0n\u00e3o errar no placar e justifica dizendo que n\u00e3o h\u00e1 como garantir a aprova\u00e7\u00e3o da PEC, que precisa de, no\u00a0m\u00ednimo, 308 votos favor\u00e1veis no Plen\u00e1rio, em vota\u00e7\u00e3o em dois turnos.<br \/>\n\u00c9 a crise do governo Bolsonaro que ecoa na C\u00e2mara. Lira confirma isso e reconhece a for\u00e7a de nossas\u00a0entidades sindicais: \u201cum tema como esse num momento de tanta instabilidade pol\u00edtica e muitas\u00a0arruma\u00e7\u00f5es que precisam ser feitas n\u00e3o \u00e9 f\u00e1cil de tramitar. S\u00e3o categorias que se organizam h\u00e1 muitos\u00a0anos, com sindicatos fortes e que pressionam parlamentares em seus estados\u201d.<br \/>\n\u201cParlamentar, voc\u00ea vai colocar sua digital nessa porcaria?\u201d<br \/>\nO fantasma do desfecho da MP 1045 (carteira verde amarela) no Senado tamb\u00e9m pesa sobre os\u00a0deputados. H\u00e1 um clima de inseguran\u00e7a refor\u00e7ado at\u00e9 mesmo pelas declara\u00e7\u00f5es do ex-presidente do\u00a0Banco Central de FHC, Arm\u00ednio Fraga, que nesta semana, disse que \u201cd\u00e1 medo dar mais poder ao atual\u00a0governo\u201d e, por isso, n\u00e3o recomenda que a proposta seja implementada.<br \/>\nNa C\u00e2mara dos Deputados, em Bras\u00edlia, servidores pressionavam parlamentares perguntando se v\u00e3o\u00a0colocar a sua digital num projeto que acaba com os concursos p\u00fablicos, abre as portas para a\u00a0privatiza\u00e7\u00e3o e o apadrinhamento e que arrisca ser barrado no Senado.<br \/>\nEnquanto isso, em cada rinc\u00e3o deste pa\u00eds, nas bases dos parlamentares, a campanha contra a PEC\u00a0continuava.<br \/>\nAumentar ainda mais a press\u00e3o nas ruas, nas redes e no Congresso<br \/>\nDerrotar a PEC \u00e9 tamb\u00e9m um passo para acabar com esse governo que infelicita a na\u00e7\u00e3o. E, se a luta\u00a0permanece \u00e1rdua e dif\u00edcil, podemos dizer hoje que, sim, se aumentar a mobiliza\u00e7\u00e3o \u00e9 poss\u00edvel derrotar a\u00a0PEC 32!<br \/>\nJ\u00e1 est\u00e1 convocada uma nova jornada a partir da ter\u00e7a-feira, dia 21\/09, com a vinda de representa\u00e7\u00f5es a\u00a0Bras\u00edlia, press\u00e3o nos aeroportos, assembleias de base e atos e manifesta\u00e7\u00f5es nos munic\u00edpios e capitais<br \/>\ndos estados.<\/p>\n<p>JUNTOS, VAMOS DERROTAR A REFORMA ADMINISTRATIVA!<br \/>\nBras\u00edlia (DF), 16 de setembro de 2021<br \/>\nConfedera\u00e7\u00e3o dos Trabalhadores no Servi\u00e7o P\u00fablico Municipal \u2013 Confetam<br \/>\nFedera\u00e7\u00e3o Nacional dos Servidores e Empregados P\u00fablicos Estaduais e do Distrito Federal \u2013 Fenasepe<br \/>\nConfedera\u00e7\u00e3o Nacional dos Trabalhadores no Servi\u00e7o P\u00fablico Federal \u2013 Condsef<br \/>\nConfedera\u00e7\u00e3o Nacional dos Trabalhadores da Educa\u00e7\u00e3o \u2013 CNTE<br \/>\nConfedera\u00e7\u00e3o Nacional dos Trabalhadores da Seguridade Social &#8211; CNTSS&#8221;<\/p>\n","protected":false},"excerpt":{"rendered":"<p>A Confedera\u00e7\u00e3o Nacional dos Trabalhadores no Servi\u00e7o P\u00fablico Federal (Condsef) entende que a mobiliza\u00e7\u00e3o dos servidores obrigou os deputados governistas a adiarem a tentativa de aprova\u00e7\u00e3o da reforma administrativa, por falta dos votos necess\u00e1rios &nbsp; O relator da PEC\/32, deputado federal Arthur Maia (DEM-BA), apresentou um substitutivo para ser apreciado entre ter\u00e7a e quinta pr\u00f3ximas mas, ao contr\u00e1rio de conseguir [&hellip;]<\/p>\n","protected":false},"author":27,"featured_media":0,"comment_status":"open","ping_status":"closed","sticky":false,"template":"","format":"standard","meta":{"footnotes":""},"categories":[2719],"tags":[19321,463,1486,366,268,18800,2212,15938,5829],"class_list":["post-20687","post","type-post","status-publish","format-standard","hentry","category-servidor","tag-arthur-mais","tag-atividades","tag-condsef","tag-crise","tag-parlamentares","tag-pec-32","tag-pressao","tag-reforma-administrativa","tag-votos"],"_links":{"self":[{"href":"https:\/\/blogs.correiobraziliense.com.br\/servidor\/wp-json\/wp\/v2\/posts\/20687","targetHints":{"allow":["GET"]}}],"collection":[{"href":"https:\/\/blogs.correiobraziliense.com.br\/servidor\/wp-json\/wp\/v2\/posts"}],"about":[{"href":"https:\/\/blogs.correiobraziliense.com.br\/servidor\/wp-json\/wp\/v2\/types\/post"}],"author":[{"embeddable":true,"href":"https:\/\/blogs.correiobraziliense.com.br\/servidor\/wp-json\/wp\/v2\/users\/27"}],"replies":[{"embeddable":true,"href":"https:\/\/blogs.correiobraziliense.com.br\/servidor\/wp-json\/wp\/v2\/comments?post=20687"}],"version-history":[{"count":1,"href":"https:\/\/blogs.correiobraziliense.com.br\/servidor\/wp-json\/wp\/v2\/posts\/20687\/revisions"}],"predecessor-version":[{"id":20688,"href":"https:\/\/blogs.correiobraziliense.com.br\/servidor\/wp-json\/wp\/v2\/posts\/20687\/revisions\/20688"}],"wp:attachment":[{"href":"https:\/\/blogs.correiobraziliense.com.br\/servidor\/wp-json\/wp\/v2\/media?parent=20687"}],"wp:term":[{"taxonomy":"category","embeddable":true,"href":"https:\/\/blogs.correiobraziliense.com.br\/servidor\/wp-json\/wp\/v2\/categories?post=20687"},{"taxonomy":"post_tag","embeddable":true,"href":"https:\/\/blogs.correiobraziliense.com.br\/servidor\/wp-json\/wp\/v2\/tags?post=20687"}],"curies":[{"name":"wp","href":"https:\/\/api.w.org\/{rel}","templated":true}]}}