{"id":20678,"date":"2021-09-17T21:13:03","date_gmt":"2021-09-18T00:13:03","guid":{"rendered":"https:\/\/blogs.correiobraziliense.com.br\/servidor\/?p=20678"},"modified":"2021-09-17T21:13:03","modified_gmt":"2021-09-18T00:13:03","slug":"e-o-novo-aditivo-ao-relatorio-da-pec-32-2020-nao-chegou-ao-publico-alvo","status":"publish","type":"post","link":"https:\/\/blogs.correiobraziliense.com.br\/servidor\/e-o-novo-aditivo-ao-relatorio-da-pec-32-2020-nao-chegou-ao-publico-alvo\/","title":{"rendered":"E o novo aditivo ao relat\u00f3rio da PEC 32\/2020 n\u00e3o chegou ao p\u00fablico-alvo"},"content":{"rendered":"<p><img loading=\"lazy\" decoding=\"async\" class=\"size-full wp-image-19865 alignleft\" src=\"https:\/\/blogs.correiobraziliense.com.br\/servidor\/wp-content\/uploads\/sites\/10\/2021\/06\/ARTHUR-MAIA.jpg\" alt=\"\" width=\"640\" height=\"480\" srcset=\"https:\/\/blogs.correiobraziliense.com.br\/servidor\/wp-content\/uploads\/sites\/10\/2021\/06\/ARTHUR-MAIA.jpg 640w, https:\/\/blogs.correiobraziliense.com.br\/servidor\/wp-content\/uploads\/sites\/10\/2021\/06\/ARTHUR-MAIA-300x225.jpg 300w, https:\/\/blogs.correiobraziliense.com.br\/servidor\/wp-content\/uploads\/sites\/10\/2021\/06\/ARTHUR-MAIA-550x413.jpg 550w, https:\/\/blogs.correiobraziliense.com.br\/servidor\/wp-content\/uploads\/sites\/10\/2021\/06\/ARTHUR-MAIA-230x173.jpg 230w\" sizes=\"auto, (max-width: 640px) 100vw, 640px\" \/><\/p>\n<p><em><strong>Do gabinete do relator da PEC 32\/2020, que define as regras da reforma administrativa, o recado \u00e9 de que Arthur Maia disse que apresentaria o texto hoje, sexta-feira. E apresentou. Mas para &#8220;alguns olhos&#8221;, apenas<\/strong><\/em><\/p>\n<p>&#8220;Mas\u00a0internamente aos membros da Comiss\u00e3o, como ele prometeu na reuni\u00e3o com os coordenadores de bancada. N\u00e3o oficialmente. O texto s\u00f3 ser\u00e1 protocolado na segunda ou ter\u00e7a-feira, ap\u00f3s os membros da Comiss\u00e3o analisarem e fazerem suas pondera\u00e7\u00f5es&#8221;, assinalou um assessor.<\/p>\n<p>Os policiais, considerados os mais beneficiados, correram para se blindar e explicaram que tudo que est\u00e1 descrito l\u00e1 faz parte de um acordo de 2019. Outros servidores acham que as benesses para a bancada da bala devem ser retiradas. E h\u00e1 tamb\u00e9m quem diga que os pontos mais sens\u00edveis s\u00e3o:\u00a0retrocessos na defini\u00e7\u00e3o dos cargos exclusivos de Estado;\u00a0sistem\u00e1tica de avaliativos de desempenho e de crit\u00e9rios utilizados;\u00a0a possibilidade de perda de cargo por desnecessidade e obsolesc\u00eancia; e a retirada do FGTS dos tempor\u00e1rios. As apostas s\u00e3o, ent\u00e3o, extensas e divergentes.<\/p>\n<p>&nbsp;<\/p>\n<p>&nbsp;<\/p>\n","protected":false},"excerpt":{"rendered":"<p>Do gabinete do relator da PEC 32\/2020, que define as regras da reforma administrativa, o recado \u00e9 de que Arthur Maia disse que apresentaria o texto hoje, sexta-feira. E apresentou. Mas para &#8220;alguns olhos&#8221;, apenas &#8220;Mas\u00a0internamente aos membros da Comiss\u00e3o, como ele prometeu na reuni\u00e3o com os coordenadores de bancada. N\u00e3o oficialmente. O texto s\u00f3 ser\u00e1 protocolado na segunda ou [&hellip;]<\/p>\n","protected":false},"author":27,"featured_media":0,"comment_status":"open","ping_status":"closed","sticky":false,"template":"","format":"standard","meta":{"footnotes":""},"categories":[2719],"tags":[5055,4148,18170,15938,3169],"class_list":["post-20678","post","type-post","status-publish","format-standard","hentry","category-servidor","tag-arthur-maia","tag-comissao-especial","tag-pec-32-2020","tag-reforma-administrativa","tag-relator"],"_links":{"self":[{"href":"https:\/\/blogs.correiobraziliense.com.br\/servidor\/wp-json\/wp\/v2\/posts\/20678","targetHints":{"allow":["GET"]}}],"collection":[{"href":"https:\/\/blogs.correiobraziliense.com.br\/servidor\/wp-json\/wp\/v2\/posts"}],"about":[{"href":"https:\/\/blogs.correiobraziliense.com.br\/servidor\/wp-json\/wp\/v2\/types\/post"}],"author":[{"embeddable":true,"href":"https:\/\/blogs.correiobraziliense.com.br\/servidor\/wp-json\/wp\/v2\/users\/27"}],"replies":[{"embeddable":true,"href":"https:\/\/blogs.correiobraziliense.com.br\/servidor\/wp-json\/wp\/v2\/comments?post=20678"}],"version-history":[{"count":1,"href":"https:\/\/blogs.correiobraziliense.com.br\/servidor\/wp-json\/wp\/v2\/posts\/20678\/revisions"}],"predecessor-version":[{"id":20679,"href":"https:\/\/blogs.correiobraziliense.com.br\/servidor\/wp-json\/wp\/v2\/posts\/20678\/revisions\/20679"}],"wp:attachment":[{"href":"https:\/\/blogs.correiobraziliense.com.br\/servidor\/wp-json\/wp\/v2\/media?parent=20678"}],"wp:term":[{"taxonomy":"category","embeddable":true,"href":"https:\/\/blogs.correiobraziliense.com.br\/servidor\/wp-json\/wp\/v2\/categories?post=20678"},{"taxonomy":"post_tag","embeddable":true,"href":"https:\/\/blogs.correiobraziliense.com.br\/servidor\/wp-json\/wp\/v2\/tags?post=20678"}],"curies":[{"name":"wp","href":"https:\/\/api.w.org\/{rel}","templated":true}]}}