{"id":2067,"date":"2016-06-27T13:41:19","date_gmt":"2016-06-27T16:41:19","guid":{"rendered":"https:\/\/blogs.correiobraziliense.com.br\/servidor\/?p=2067"},"modified":"2016-06-27T13:41:19","modified_gmt":"2016-06-27T16:41:19","slug":"infraestrutura-seminario-na-antt-debate-ppi-e-alavancagem-de-projetos","status":"publish","type":"post","link":"https:\/\/blogs.correiobraziliense.com.br\/servidor\/infraestrutura-seminario-na-antt-debate-ppi-e-alavancagem-de-projetos\/","title":{"rendered":"Infraestrutura &#8211; Semin\u00e1rio na ANTT debate PPI e alavancagem de projetos"},"content":{"rendered":"<p>A Ag\u00eancia Nacional de Transportes Terrestres (ANTT) e o governo federal realizam, nos dias 28 e 29 de junho, na sede da ANTT, em Bras\u00edlia, o \u201cSemin\u00e1rio Alicerces para o Futuro\u201d. O evento inclui debates a respeito de quest\u00f5es importantes, como o Programa de Parceria de Investimentos (PPI), as melhores pr\u00e1ticas e perspectivas para a execu\u00e7\u00e3o de empreendimentos p\u00fablicos em infraestrutura, o papel do Poder Judici\u00e1rio e dos Tribunais de Contas, financiamentos, marco regulat\u00f3rio, riscos, entre outros temas.<\/p>\n<p>Entre os participantes est\u00e3o: o diretor-geral da ANTT, Jorge Bastos; diretor da ANTT S\u00e9rgio Lobo; diretor da ANTT Marcelo Vinaud; secret\u00e1rio-executivo do PPI, Moreira Franco; ministro dos Transportes, Portos e Avia\u00e7\u00e3o Civil, Maur\u00edcio Quintella; ministro-substituto do Tribunal de Contas da Uni\u00e3o (TCU) Andr\u00e9 Luis de Carvalho; secret\u00e1rio Federal de Controle Interno do Minist\u00e9rio da Transpar\u00eancia, Fiscaliza\u00e7\u00e3o e Controle (CGU), Francisco Bessa; a diretora do Banco Nacional de Desenvolvimento Econ\u00f4mico e Social (BNDES) Marilene de Oliveira Ramos M\u00farias dos Santos; entre outros.<\/p>\n<p>O evento ser\u00e1 transmitido ao vivo pelo canal da ANTT no Youtube (<a href=\"http:\/\/www.youtube.com\/canalANTT\">www.youtube.com\/canalANTT<\/a>) e comentado no perfil oficial da Ag\u00eancia no Twitter (ANTT_Oficial). As vagas s\u00e3o limitadas. Para ver a programa\u00e7\u00e3o e se inscrever no semin\u00e1rio <a href=\"http:\/\/www.antt.gov.br\/index.php\/content\/view\/47784\/Seminario_Alicerces_para_o_Futuro__Contratos_de_Parceria___Perspectivas_e_Melhores_Praticas_para_a_execucao_de_Empreendimentos_Publicos_de_Infraestrutura.html\">clique aqui<\/a>.<\/p>\n<p><strong><u>SERVI\u00c7O:<\/u><\/strong><\/p>\n<p>Semin\u00e1rio Alicerces para o Futuro<\/p>\n<p>Datas: 28 e 29\/06 (ter\u00e7a e quarta-feira)<\/p>\n<p>Hor\u00e1rio: de 9h \u00e0s 12h e de 14h \u00e0s 18h.<\/p>\n<p>Local: Audit\u00f3rio do Edif\u00edcio Sede da ANTT<\/p>\n<p>Endere\u00e7o: SCES Trecho 3, Lote 10 \u2013 Polo 8 do Projeto Orla (pr\u00f3ximo \u00e0 Ponte JK)<\/p>\n<p>CEP: 70200-003\u00a0 Bras\u00edlia-DF<\/p>\n","protected":false},"excerpt":{"rendered":"<p>A Ag\u00eancia Nacional de Transportes Terrestres (ANTT) e o governo federal realizam, nos dias 28 e 29 de junho, na sede da ANTT, em Bras\u00edlia, o \u201cSemin\u00e1rio Alicerces para o Futuro\u201d. O evento inclui debates a respeito de quest\u00f5es importantes, como o Programa de Parceria de Investimentos (PPI), as melhores pr\u00e1ticas e perspectivas para a execu\u00e7\u00e3o de empreendimentos p\u00fablicos em [&hellip;]<\/p>\n","protected":false},"author":27,"featured_media":0,"comment_status":"open","ping_status":"closed","sticky":false,"template":"","format":"standard","meta":{"footnotes":""},"categories":[1],"tags":[2532,2530,2529,1200,487,2531,1300,267],"class_list":["post-2067","post","type-post","status-publish","format-standard","hentry","category-sem-categoria","tag-alavancagem","tag-alicerces","tag-antt","tag-futuro","tag-infraestrutura","tag-ppi","tag-projetos","tag-seminario"],"_links":{"self":[{"href":"https:\/\/blogs.correiobraziliense.com.br\/servidor\/wp-json\/wp\/v2\/posts\/2067","targetHints":{"allow":["GET"]}}],"collection":[{"href":"https:\/\/blogs.correiobraziliense.com.br\/servidor\/wp-json\/wp\/v2\/posts"}],"about":[{"href":"https:\/\/blogs.correiobraziliense.com.br\/servidor\/wp-json\/wp\/v2\/types\/post"}],"author":[{"embeddable":true,"href":"https:\/\/blogs.correiobraziliense.com.br\/servidor\/wp-json\/wp\/v2\/users\/27"}],"replies":[{"embeddable":true,"href":"https:\/\/blogs.correiobraziliense.com.br\/servidor\/wp-json\/wp\/v2\/comments?post=2067"}],"version-history":[{"count":1,"href":"https:\/\/blogs.correiobraziliense.com.br\/servidor\/wp-json\/wp\/v2\/posts\/2067\/revisions"}],"predecessor-version":[{"id":2068,"href":"https:\/\/blogs.correiobraziliense.com.br\/servidor\/wp-json\/wp\/v2\/posts\/2067\/revisions\/2068"}],"wp:attachment":[{"href":"https:\/\/blogs.correiobraziliense.com.br\/servidor\/wp-json\/wp\/v2\/media?parent=2067"}],"wp:term":[{"taxonomy":"category","embeddable":true,"href":"https:\/\/blogs.correiobraziliense.com.br\/servidor\/wp-json\/wp\/v2\/categories?post=2067"},{"taxonomy":"post_tag","embeddable":true,"href":"https:\/\/blogs.correiobraziliense.com.br\/servidor\/wp-json\/wp\/v2\/tags?post=2067"}],"curies":[{"name":"wp","href":"https:\/\/api.w.org\/{rel}","templated":true}]}}