{"id":20667,"date":"2021-09-16T17:25:09","date_gmt":"2021-09-16T20:25:09","guid":{"rendered":"https:\/\/blogs.correiobraziliense.com.br\/servidor\/?p=20667"},"modified":"2021-09-16T17:25:23","modified_gmt":"2021-09-16T20:25:23","slug":"adiamento-da-votacao-da-reforma-administrativa-comprova-os-riscos-ao-setor-publico-diz-movimento-a-servico-do-brasil","status":"publish","type":"post","link":"https:\/\/blogs.correiobraziliense.com.br\/servidor\/adiamento-da-votacao-da-reforma-administrativa-comprova-os-riscos-ao-setor-publico-diz-movimento-a-servico-do-brasil\/","title":{"rendered":"Adiamento da vota\u00e7\u00e3o da reforma administrativa comprova os riscos ao setor p\u00fablico, diz Movimento a Servi\u00e7o do Brasil"},"content":{"rendered":"<p><em><strong>Por meio de nota, o\u00a0Movimento a Servi\u00e7o do Brasil destaca que a iniciativa do relator da PEC 32\/2020, Arthur Maia, comprova o &#8220;sucesso da mobiliza\u00e7\u00e3o dos servidores&#8221; e o reconhecimento dos parlamentares de que a proposta &#8220;atua para favorecer pol\u00edticos&#8221; e maior concentra\u00e7\u00e3o de poder<\/strong><\/em><\/p>\n<p><img loading=\"lazy\" decoding=\"async\" class=\"alignright size-full wp-image-20223\" src=\"https:\/\/blogs.correiobraziliense.com.br\/servidor\/wp-content\/uploads\/sites\/10\/2021\/07\/AVALIA\u00c7\u00c3O-DE-DESEMPENHO.jpg\" alt=\"\" width=\"550\" height=\"393\" srcset=\"https:\/\/blogs.correiobraziliense.com.br\/servidor\/wp-content\/uploads\/sites\/10\/2021\/07\/AVALIA\u00c7\u00c3O-DE-DESEMPENHO.jpg 550w, https:\/\/blogs.correiobraziliense.com.br\/servidor\/wp-content\/uploads\/sites\/10\/2021\/07\/AVALIA\u00c7\u00c3O-DE-DESEMPENHO-300x214.jpg 300w, https:\/\/blogs.correiobraziliense.com.br\/servidor\/wp-content\/uploads\/sites\/10\/2021\/07\/AVALIA\u00c7\u00c3O-DE-DESEMPENHO-230x164.jpg 230w\" sizes=\"auto, (max-width: 550px) 100vw, 550px\" \/><\/p>\n<p>&#8220;Assim como a precariza\u00e7\u00e3o do trabalho e do direito previdenci\u00e1rio com as reformas trabalhista e da previd\u00eancia, que prejudicam todos os trabalhadores, a reforma administrativa representa um atraso para a popula\u00e7\u00e3o que sofre com as medidas econ\u00f4micas e fiscais tomadas nos \u00faltimos anos e que favorecem apenas as classes mais ricas&#8221;, afirma o Movimento a Servi\u00e7o do Brasil<\/p>\n<p>Veja a nota<\/p>\n<p>&#8220;O adiamento da vota\u00e7\u00e3o do parecer da reforma administrativa (PEC 32) na comiss\u00e3o especial da C\u00e2mara dos Deputados demonstra a lesividade da proposta, al\u00e9m do sucesso da mobiliza\u00e7\u00e3o das entidades em prol da popula\u00e7\u00e3o. O texto apresentado coloca em risco todo o setor p\u00fablico e possibilita o aparelhamento da m\u00e1quina e sua consequente desestrutura\u00e7\u00e3o.<\/p>\n<p>A PEC 32 atua para favorecer pol\u00edticos, garantindo a eles uma maior concentra\u00e7\u00e3o de poder. Al\u00e9m disso, n\u00e3o est\u00e1 afastada a possibilidade de dar aos chefes do Executivo o total controle para cria\u00e7\u00e3o de cargos comissionados, tornando a m\u00e1quina p\u00fablica um espa\u00e7o para clientelismo, coronelismo e troca de cargos por vantagens escusas.<\/p>\n<p>Apesar de afirmar que os servidores ter\u00e3o estabilidade garantida, o texto anunciado pelo relator ainda prev\u00ea a possibilidade de demiss\u00e3o dos servidores com uma nebulosa avalia\u00e7\u00e3o de desempenho que pode gerar persegui\u00e7\u00e3o generalizada. Este ponto coloca em risco o cargo de servidores que cumprem suas fun\u00e7\u00f5es de acordo com a lei e n\u00e3o em prol de pol\u00edticos.<\/p>\n<p>O Movimento a Servi\u00e7o do Brasil reitera seu posicionamento contr\u00e1rio \u00e0 reforma administrativa. N\u00e3o \u00e9 admiss\u00edvel aprovar a desestrutura\u00e7\u00e3o do setor p\u00fablico e sua consequente entrega para pol\u00edticos, principalmente quando mais de 125 milh\u00f5es de brasileiros est\u00e3o em situa\u00e7\u00e3o de inseguran\u00e7a alimentar e dependem do servi\u00e7o p\u00fablico em diversas esferas.<\/p>\n<p>Tamb\u00e9m n\u00e3o \u00e9 plaus\u00edvel o favorecimento de classes espec\u00edficas de servidores para garantir o apoio de grandes bancadas no Congresso Nacional apenas para aprovar a proposta resultando em preju\u00edzo coletivo.<\/p>\n<p>A popula\u00e7\u00e3o brasileira necessita de um setor p\u00fablico forte, bem estruturado e moderno para fornecer o apoio por meio das pol\u00edticas p\u00fablicas em andamento.<\/p>\n<p>Assim como a precariza\u00e7\u00e3o do trabalho e do direito previdenci\u00e1rio com as reformas trabalhista e da previd\u00eancia, que prejudicam todos os trabalhadores, a reforma administrativa representa um atraso para a popula\u00e7\u00e3o que sofre com as medidas econ\u00f4micas e fiscais tomadas nos \u00faltimos anos e que favorecem apenas as classes mais ricas. O Movimento a Servi\u00e7o do Brasil continuar\u00e1 sua atua\u00e7\u00e3o em prol da popula\u00e7\u00e3o e de um setor p\u00fablico fortalecido e mais eficiente.<\/p>\n<p>Movimento a Servi\u00e7o do Brasil&#8221;<\/p>\n","protected":false},"excerpt":{"rendered":"<p>Por meio de nota, o\u00a0Movimento a Servi\u00e7o do Brasil destaca que a iniciativa do relator da PEC 32\/2020, Arthur Maia, comprova o &#8220;sucesso da mobiliza\u00e7\u00e3o dos servidores&#8221; e o reconhecimento dos parlamentares de que a proposta &#8220;atua para favorecer pol\u00edticos&#8221; e maior concentra\u00e7\u00e3o de poder &#8220;Assim como a precariza\u00e7\u00e3o do trabalho e do direito previdenci\u00e1rio com as reformas trabalhista e [&hellip;]<\/p>\n","protected":false},"author":27,"featured_media":0,"comment_status":"open","ping_status":"closed","sticky":false,"template":"","format":"standard","meta":{"footnotes":""},"categories":[2719],"tags":[8886,863,1531,791,2303,116,620,18419,18170,1413,15938,2399,58,2923],"class_list":["post-20667","post","type-post","status-publish","format-standard","hentry","category-servidor","tag-aparelhamento","tag-avaliacao","tag-camara-dos-deputados","tag-cargos","tag-desempenho","tag-direito","tag-estabilidade","tag-movimento-a-servico-do-brasil","tag-pec-32-2020","tag-poder-executivo","tag-reforma-administrativa","tag-riscos","tag-servidores","tag-vantagens"],"_links":{"self":[{"href":"https:\/\/blogs.correiobraziliense.com.br\/servidor\/wp-json\/wp\/v2\/posts\/20667","targetHints":{"allow":["GET"]}}],"collection":[{"href":"https:\/\/blogs.correiobraziliense.com.br\/servidor\/wp-json\/wp\/v2\/posts"}],"about":[{"href":"https:\/\/blogs.correiobraziliense.com.br\/servidor\/wp-json\/wp\/v2\/types\/post"}],"author":[{"embeddable":true,"href":"https:\/\/blogs.correiobraziliense.com.br\/servidor\/wp-json\/wp\/v2\/users\/27"}],"replies":[{"embeddable":true,"href":"https:\/\/blogs.correiobraziliense.com.br\/servidor\/wp-json\/wp\/v2\/comments?post=20667"}],"version-history":[{"count":1,"href":"https:\/\/blogs.correiobraziliense.com.br\/servidor\/wp-json\/wp\/v2\/posts\/20667\/revisions"}],"predecessor-version":[{"id":20668,"href":"https:\/\/blogs.correiobraziliense.com.br\/servidor\/wp-json\/wp\/v2\/posts\/20667\/revisions\/20668"}],"wp:attachment":[{"href":"https:\/\/blogs.correiobraziliense.com.br\/servidor\/wp-json\/wp\/v2\/media?parent=20667"}],"wp:term":[{"taxonomy":"category","embeddable":true,"href":"https:\/\/blogs.correiobraziliense.com.br\/servidor\/wp-json\/wp\/v2\/categories?post=20667"},{"taxonomy":"post_tag","embeddable":true,"href":"https:\/\/blogs.correiobraziliense.com.br\/servidor\/wp-json\/wp\/v2\/tags?post=20667"}],"curies":[{"name":"wp","href":"https:\/\/api.w.org\/{rel}","templated":true}]}}