{"id":20651,"date":"2021-09-14T06:00:41","date_gmt":"2021-09-14T09:00:41","guid":{"rendered":"https:\/\/blogs.correiobraziliense.com.br\/servidor\/?p=20651"},"modified":"2021-09-13T21:44:30","modified_gmt":"2021-09-14T00:44:30","slug":"servidores-e-centrais-sindicais-fazem-ato-contra-a-reforma-administrativa-de-14-a-16-de-setembro","status":"publish","type":"post","link":"https:\/\/blogs.correiobraziliense.com.br\/servidor\/servidores-e-centrais-sindicais-fazem-ato-contra-a-reforma-administrativa-de-14-a-16-de-setembro\/","title":{"rendered":"Servidores e centrais sindicais fazem ato contra a reforma administrativa, de 14 a 16 de setembro"},"content":{"rendered":"<p><em><strong>Al\u00e9m do nesta na ter\u00e7a (14), as entidades pressionar parlamentares no Aeroporto de Bras\u00edlia, desde as 7 horas da manh\u00e3, e em seguida em seus gabinetes para que votem contra a PEC 32\/2020<\/strong><\/em><\/p>\n<p><img loading=\"lazy\" decoding=\"async\" class=\"alignright size-full wp-image-20652\" src=\"https:\/\/blogs.correiobraziliense.com.br\/servidor\/wp-content\/uploads\/sites\/10\/2021\/09\/PEC-32-SETEMBRO.jpg\" alt=\"\" width=\"960\" height=\"960\" \/><\/p>\n<p>CUT e movimentos intensificam a luta contra PEC 32, de 14 a 16 de setembro, tendo em vista que o\u00a0presidente da C\u00e2mara dos Deputados, Arthur Lira, prometeu votar a reforma administrativa (PEC 32\/2020) nessa semana.\u00a0A\u00e7\u00f5es diversas, chamadas pela CUT, demais centrais e entidades que representam o funcionalismo acontecer\u00e3o em todo o pa\u00eds.<\/p>\n<p>No Distrito Federal, os servidores v\u00e3o se concentrar para a atividade, \u00e0s 14h, no Espa\u00e7o do Servidor \u2500 na Esplanada dos Minist\u00e9rios, com marcha rumo ao Anexo II da C\u00e2mara dos Deputados, \u00e0s 15h.\u00a0Mas, apesar de o ato acontecer no per\u00edodo da tarde, as a\u00e7\u00f5es contra a reforma administrativa come\u00e7ar\u00e3o nas primeiras horas do dia.<\/p>\n<p>Por volta das 7h, haver\u00e1 uma a\u00e7\u00e3o no Aeroporto Internacional de Bras\u00edlia para recepcionar parlamentares e exigir que votem contra o fim dos servi\u00e7os p\u00fablicos no Brasil. &#8220;Al\u00e9m da press\u00e3o, ser\u00e3o distribu\u00eddos tamb\u00e9m materiais explicativos \u00e0 popula\u00e7\u00e3o, explicitando os malef\u00edcios da PEC 32 e seus impactos aos mais vulner\u00e1veis&#8221;, informam os organizadores.<\/p>\n<p>&#8220;Ser\u00e1 um dia intenso contra esse projeto que significa o fim da presta\u00e7\u00e3o de servi\u00e7os p\u00fablicos no pa\u00eds e traz grandes preju\u00edzos ao funcionalismo p\u00fablico. Nossa mobiliza\u00e7\u00e3o ser\u00e1 fundamental para barrar o avan\u00e7o da PEC no Congresso e, por isso, \u00e9 necess\u00e1rio que todas e todos participem das a\u00e7\u00f5es e fortale\u00e7am essa luta&#8221;, disse o presidente da CUT-DF, Rodrigo Rodrigues.<\/p>\n<p>Na quarta-feira (15), a categoria se re\u00fane no Espa\u00e7o do Servidor, a partir das 9h para deliberar as a\u00e7\u00f5es ao longo do dia e na quinta-feira (16). &#8220;A ideia \u00e9 que representantes das servidoras p\u00fablicas e dos servidores p\u00fablicos visitem os gabinetes dos parlamentares que j\u00e1 se posicionaram favor\u00e1veis \u00e0 PEC 32\/2020 e daqueles que ainda est\u00e3o indecisos&#8221;, explica Rodrigo Rodrigues.<\/p>\n<p>&#8220;As entidades sindicais t\u00eam um papel importante no debate e esclarecimento sobre a PEC 32. \u00c9 uma a\u00e7\u00e3o desafiadora, mas que precisa ser feita. Ainda temos quantitativo de parlamentares que est\u00e3o em d\u00favida e esclarecer as consequ\u00eancias da PEC \u00e0 popula\u00e7\u00e3o \u00e9 essencial para vencermos o debate&#8221;, disse o t\u00e9cnico do Departamento Intersindical de Estat\u00edstica e Estudos Socioecon\u00f4micos (Dieese), Max Leno.<\/p>\n<p><strong>PEC 32<\/strong><\/p>\n<p>Apresentada ao Congresso Nacional em setembro de 2020 pelo governo federal, a PEC 32\/2020 retira direitos das servidoras p\u00fablicas e dos servidores p\u00fablicos, privatiza os servi\u00e7os prestados \u00e0 popula\u00e7\u00e3o e ainda abre brecha para a corrup\u00e7\u00e3o.\u00a0Em 31 de agosto, o relator da proposta, Arthur Maia (DEM-BA), apresentou seu parecer favor\u00e1vel \u00e0 PEC.<\/p>\n<p><strong>Confira a programa\u00e7\u00e3o<\/strong>:<\/p>\n<p>14 DE SETEMBRO<\/p>\n<p>7h \u2013 recep\u00e7\u00e3o de parlamentares no Aeroporto JK<\/p>\n<p>14h \u2013 concentra\u00e7\u00e3o no Espa\u00e7o do Servidor \u2013 Esplanada dos Minist\u00e9rios<\/p>\n<p>15h \u2013 marcha ao Anexo II da C\u00e2mara dos Deputados<\/p>\n<p>15 DE SETEMBRO<\/p>\n<p>9h \u2013 reuni\u00e3o de entidades no Espa\u00e7o do servidor<\/p>\n","protected":false},"excerpt":{"rendered":"<p>Al\u00e9m do nesta na ter\u00e7a (14), as entidades pressionar parlamentares no Aeroporto de Bras\u00edlia, desde as 7 horas da manh\u00e3, e em seguida em seus gabinetes para que votem contra a PEC 32\/2020 CUT e movimentos intensificam a luta contra PEC 32, de 14 a 16 de setembro, tendo em vista que o\u00a0presidente da C\u00e2mara dos Deputados, Arthur Lira, prometeu [&hellip;]<\/p>\n","protected":false},"author":27,"featured_media":0,"comment_status":"open","ping_status":"closed","sticky":false,"template":"","format":"standard","meta":{"footnotes":""},"categories":[2719],"tags":[1531,1101,693,1164,98,481,18170,15938,58],"class_list":["post-20651","post","type-post","status-publish","format-standard","hentry","category-servidor","tag-camara-dos-deputados","tag-centrais-sindicais","tag-congresso-nacional","tag-funcionalismo","tag-governo","tag-mobilizacao","tag-pec-32-2020","tag-reforma-administrativa","tag-servidores"],"_links":{"self":[{"href":"https:\/\/blogs.correiobraziliense.com.br\/servidor\/wp-json\/wp\/v2\/posts\/20651","targetHints":{"allow":["GET"]}}],"collection":[{"href":"https:\/\/blogs.correiobraziliense.com.br\/servidor\/wp-json\/wp\/v2\/posts"}],"about":[{"href":"https:\/\/blogs.correiobraziliense.com.br\/servidor\/wp-json\/wp\/v2\/types\/post"}],"author":[{"embeddable":true,"href":"https:\/\/blogs.correiobraziliense.com.br\/servidor\/wp-json\/wp\/v2\/users\/27"}],"replies":[{"embeddable":true,"href":"https:\/\/blogs.correiobraziliense.com.br\/servidor\/wp-json\/wp\/v2\/comments?post=20651"}],"version-history":[{"count":1,"href":"https:\/\/blogs.correiobraziliense.com.br\/servidor\/wp-json\/wp\/v2\/posts\/20651\/revisions"}],"predecessor-version":[{"id":20653,"href":"https:\/\/blogs.correiobraziliense.com.br\/servidor\/wp-json\/wp\/v2\/posts\/20651\/revisions\/20653"}],"wp:attachment":[{"href":"https:\/\/blogs.correiobraziliense.com.br\/servidor\/wp-json\/wp\/v2\/media?parent=20651"}],"wp:term":[{"taxonomy":"category","embeddable":true,"href":"https:\/\/blogs.correiobraziliense.com.br\/servidor\/wp-json\/wp\/v2\/categories?post=20651"},{"taxonomy":"post_tag","embeddable":true,"href":"https:\/\/blogs.correiobraziliense.com.br\/servidor\/wp-json\/wp\/v2\/tags?post=20651"}],"curies":[{"name":"wp","href":"https:\/\/api.w.org\/{rel}","templated":true}]}}