{"id":20640,"date":"2021-09-11T18:26:28","date_gmt":"2021-09-11T21:26:28","guid":{"rendered":"https:\/\/blogs.correiobraziliense.com.br\/servidor\/?p=20640"},"modified":"2021-09-11T18:26:28","modified_gmt":"2021-09-11T21:26:28","slug":"stf-privilegia-inclusao-e-acessibilidade-em-teste-fisico-no-concurso-publico","status":"publish","type":"post","link":"https:\/\/blogs.correiobraziliense.com.br\/servidor\/stf-privilegia-inclusao-e-acessibilidade-em-teste-fisico-no-concurso-publico\/","title":{"rendered":"STF privilegia inclus\u00e3o e acessibilidade em teste f\u00edsico no concurso p\u00fablico"},"content":{"rendered":"<p><em><strong>\u201cA Lei veda qualquer forma de discrimina\u00e7\u00e3o que impe\u00e7a de o candidato de participar de todas as etapas do concurso, inclusive prev\u00ea que \u00e9 crime obstar o acesso de algu\u00e9m a um cargo ou emprego p\u00fablico em raz\u00e3o da defici\u00eancia\u201d, destaca a\u00a0coordenadora da Comiss\u00e3o dos Direitos da Pessoa com Defici\u00eancia da Associa\u00e7\u00e3o Nacional das Defensoras e Defensores P\u00fablicos (Anadep), Renata Tibyri\u00e7\u00e1<\/strong><\/em><\/p>\n<p><img loading=\"lazy\" decoding=\"async\" class=\"alignright size-full wp-image-20641\" src=\"https:\/\/blogs.correiobraziliense.com.br\/servidor\/wp-content\/uploads\/sites\/10\/2021\/09\/CONCURSO-DEFICIENTE.jpg\" alt=\"\" width=\"404\" height=\"404\" \/><\/p>\n<p>Recente decis\u00e3o do Plen\u00e1rio Virtual do Supremo Tribunal Federal (STF) reconheceu a necessidade da garantia de acessibilidade aos candidatos com defici\u00eancia nas provas f\u00edsicas de concursos p\u00fablicos e que, inclusive, cabe a eles a escolha das pr\u00f3prias adapta\u00e7\u00f5es ou das tecnologias assistivas. Para especialistas, a decis\u00e3o \u00e9 acertada e garante a igualdade e a inclus\u00e3o.<\/p>\n<p>A decis\u00e3o se deu na an\u00e1lise de uma a\u00e7\u00e3o ajuizada pelo PSB contra o Decreto 9.546\/18, que excluiu a previs\u00e3o de adapta\u00e7\u00e3o das provas f\u00edsicas para esse grupo e estabeleceu que os crit\u00e9rios de aprova\u00e7\u00e3o nesses certames poder\u00e3o ser os mesmos aplicados aos demais candidatos.<\/p>\n<p>Em seu voto, o relator, ministro Lu\u00eds Roberto Barroso observou que a Constitui\u00e7\u00e3o Federal pro\u00edbe qualquer discrimina\u00e7\u00e3o relativa a sal\u00e1rio e crit\u00e9rios de admiss\u00e3o e assegura a reserva de percentual de cargos e empregos p\u00fablicos. O ministro tamb\u00e9m destacou o que dizem a Conven\u00e7\u00e3o de Direitos das Pessoas com Defici\u00eancia (CDPD) e o Estatuto da Pessoa com Defici\u00eancia (Lei 13.146\/15) quanto a discrimina\u00e7\u00e3o.<\/p>\n<p>Para a coordenadora da Comiss\u00e3o dos Direitos da Pessoa com Defici\u00eancia da Associa\u00e7\u00e3o Nacional das Defensoras e Defensores P\u00fablicos (Anadep), Renata Tibyri\u00e7\u00e1, a decis\u00e3o \u00e9 importante porque reconhece a necessidade de elimina\u00e7\u00e3o das barreiras e garantia de acessibilidade para candidatos com defici\u00eancia como assegurada pela Lei Brasileira de Inclus\u00e3o. \u201cA Lei veda qualquer forma de discrimina\u00e7\u00e3o que impe\u00e7a de o candidato de participar de todas as etapas do concurso, inclusive prev\u00ea que \u00e9 crime obstar o acesso de algu\u00e9m a um cargo ou emprego p\u00fablico em raz\u00e3o da defici\u00eancia\u201d, destaca.<\/p>\n<p>J\u00e1 para o advogado especialista em Direito Administrativo Pedro Henrique Cost\u00f3dio Rodrigues, com a nova decis\u00e3o, ficou definido que cabe ao pr\u00f3prio candidato a escolha do uso de suas pr\u00f3prias tecnologias assistivas ou das adapta\u00e7\u00f5es adicionais que preferir, de modo a garantir sua efetiva participa\u00e7\u00e3o no concurso.<\/p>\n<p>\u201cQuer dizer, trata-se da aplica\u00e7\u00e3o do que chamamos de princ\u00edpio da igualdade material, ou seja, tratar os desiguais de maneira desigual, de modo a garantir que todos tenham as mesmas oportunidades e condi\u00e7\u00f5es, sem preconceitos ou discrimina\u00e7\u00f5es. Com isso, o Supremo Tribunal Federal corrobora a necessidade de uma sociedade inclusivista, que privilegia direitos constitucionais como o da igualdade e o da prote\u00e7\u00e3o da pessoa com defici\u00eancia\u201d, conclui o advogado.<\/p>\n<p><em>Foto: Cristiana Marques Advocacia<\/em><\/p>\n","protected":false},"excerpt":{"rendered":"<p>\u201cA Lei veda qualquer forma de discrimina\u00e7\u00e3o que impe\u00e7a de o candidato de participar de todas as etapas do concurso, inclusive prev\u00ea que \u00e9 crime obstar o acesso de algu\u00e9m a um cargo ou emprego p\u00fablico em raz\u00e3o da defici\u00eancia\u201d, destaca a\u00a0coordenadora da Comiss\u00e3o dos Direitos da Pessoa com Defici\u00eancia da Associa\u00e7\u00e3o Nacional das Defensoras e Defensores P\u00fablicos (Anadep), Renata [&hellip;]<\/p>\n","protected":false},"author":27,"featured_media":0,"comment_status":"open","ping_status":"closed","sticky":false,"template":"","format":"standard","meta":{"footnotes":""},"categories":[2719],"tags":[176,169,19314,1497,2695,300,1851,197,1340,6277,19313,241,34,3426,19312],"class_list":["post-20640","post","type-post","status-publish","format-standard","hentry","category-servidor","tag-acao","tag-acessibilidade","tag-adaptacoes","tag-aprovacao","tag-candidato","tag-cargo","tag-concurso-publico","tag-emprego","tag-igualdade","tag-inclusao","tag-pessoa-com-deficiencia","tag-publico","tag-stf","tag-tecnologias","tag-teste-fisico"],"_links":{"self":[{"href":"https:\/\/blogs.correiobraziliense.com.br\/servidor\/wp-json\/wp\/v2\/posts\/20640","targetHints":{"allow":["GET"]}}],"collection":[{"href":"https:\/\/blogs.correiobraziliense.com.br\/servidor\/wp-json\/wp\/v2\/posts"}],"about":[{"href":"https:\/\/blogs.correiobraziliense.com.br\/servidor\/wp-json\/wp\/v2\/types\/post"}],"author":[{"embeddable":true,"href":"https:\/\/blogs.correiobraziliense.com.br\/servidor\/wp-json\/wp\/v2\/users\/27"}],"replies":[{"embeddable":true,"href":"https:\/\/blogs.correiobraziliense.com.br\/servidor\/wp-json\/wp\/v2\/comments?post=20640"}],"version-history":[{"count":1,"href":"https:\/\/blogs.correiobraziliense.com.br\/servidor\/wp-json\/wp\/v2\/posts\/20640\/revisions"}],"predecessor-version":[{"id":20642,"href":"https:\/\/blogs.correiobraziliense.com.br\/servidor\/wp-json\/wp\/v2\/posts\/20640\/revisions\/20642"}],"wp:attachment":[{"href":"https:\/\/blogs.correiobraziliense.com.br\/servidor\/wp-json\/wp\/v2\/media?parent=20640"}],"wp:term":[{"taxonomy":"category","embeddable":true,"href":"https:\/\/blogs.correiobraziliense.com.br\/servidor\/wp-json\/wp\/v2\/categories?post=20640"},{"taxonomy":"post_tag","embeddable":true,"href":"https:\/\/blogs.correiobraziliense.com.br\/servidor\/wp-json\/wp\/v2\/tags?post=20640"}],"curies":[{"name":"wp","href":"https:\/\/api.w.org\/{rel}","templated":true}]}}