{"id":20638,"date":"2021-09-11T18:09:48","date_gmt":"2021-09-11T21:09:48","guid":{"rendered":"https:\/\/blogs.correiobraziliense.com.br\/servidor\/?p=20638"},"modified":"2021-09-11T18:09:48","modified_gmt":"2021-09-11T21:09:48","slug":"bancarios-da-caixa-querem-que-denuncias-de-uso-politico-da-estatal-sejam-amplamente-investigadas","status":"publish","type":"post","link":"https:\/\/blogs.correiobraziliense.com.br\/servidor\/bancarios-da-caixa-querem-que-denuncias-de-uso-politico-da-estatal-sejam-amplamente-investigadas\/","title":{"rendered":"Banc\u00e1rios da Caixa querem que den\u00fancias de uso pol\u00edtico da estatal sejam amplamente investigadas"},"content":{"rendered":"<p><em><strong>Federa\u00e7\u00e3o Nacional das Associa\u00e7\u00f5es do Pessoal da Caixa Econ\u00f4mica Federal (Fenae) apoia representa\u00e7\u00e3o apresentada por subprocurador-geral do Minist\u00e9rio P\u00fablico ao TCU para que se apure atos das dire\u00e7\u00f5es da Caixa e do Banco do Brasil em epis\u00f3dio do manifesto da Fiesp que defende harmonia entre os Poderes e envolvia Febraban. Justi\u00e7a determina que presidente da Caixa Econ\u00f4mica esclare\u00e7a e se retrate sobre informa\u00e7\u00f5es incorretas a respeito de lucros do banco<\/strong><\/em><\/p>\n<p><img loading=\"lazy\" decoding=\"async\" class=\"alignright size-large wp-image-18544\" src=\"https:\/\/blogs.correiobraziliense.com.br\/servidor\/wp-content\/uploads\/sites\/10\/2020\/12\/Caixa-MPT-1024x682.jpg\" alt=\"\" width=\"1024\" height=\"682\" srcset=\"https:\/\/blogs.correiobraziliense.com.br\/servidor\/wp-content\/uploads\/sites\/10\/2020\/12\/Caixa-MPT-1024x682.jpg 1024w, https:\/\/blogs.correiobraziliense.com.br\/servidor\/wp-content\/uploads\/sites\/10\/2020\/12\/Caixa-MPT-300x200.jpg 300w, https:\/\/blogs.correiobraziliense.com.br\/servidor\/wp-content\/uploads\/sites\/10\/2020\/12\/Caixa-MPT-768x512.jpg 768w, https:\/\/blogs.correiobraziliense.com.br\/servidor\/wp-content\/uploads\/sites\/10\/2020\/12\/Caixa-MPT-800x533.jpg 800w, https:\/\/blogs.correiobraziliense.com.br\/servidor\/wp-content\/uploads\/sites\/10\/2020\/12\/Caixa-MPT-550x367.jpg 550w, https:\/\/blogs.correiobraziliense.com.br\/servidor\/wp-content\/uploads\/sites\/10\/2020\/12\/Caixa-MPT-230x153.jpg 230w, https:\/\/blogs.correiobraziliense.com.br\/servidor\/wp-content\/uploads\/sites\/10\/2020\/12\/Caixa-MPT.jpg 1280w\" sizes=\"auto, (max-width: 1024px) 100vw, 1024px\" \/><\/p>\n<p>A Federa\u00e7\u00e3o Nacional das Associa\u00e7\u00f5es do Pessoal da Caixa Econ\u00f4mica Federal (Fenae) defende a investiga\u00e7\u00e3o de den\u00fancias de uso pol\u00edtico da Caixa e do Banco do Brasil (BB) no epis\u00f3dio do manifesto da Fiesp que pede harmonia entre os Poderes e envolvia a Federa\u00e7\u00e3o Brasileira dos Bancos (Febraban). Por meio de representa\u00e7\u00e3o ao Tribunal de Contas da Uni\u00e3o, o subprocurador-geral do Minist\u00e9rio P\u00fablico junto ao TCU, Lucas Furtado, solicitou a investiga\u00e7\u00e3o e o afastamento cautelar [durante as apura\u00e7\u00f5es] dos presidentes da Caixa Econ\u00f4mica, Pedro Guimar\u00e3es, e do BB, Fausto Ribeiro.<\/p>\n<p>No entendimento do presidente da Fenae, Sergio Takemoto, \u00e9 saud\u00e1vel que toda den\u00fancia seja investigada. \u201cA Caixa e o BB s\u00e3o bancos p\u00fablicos. E tudo o que \u00e9 p\u00fablico pertence \u00e0 popula\u00e7\u00e3o\u201d, afirma. \u201c\u00c9 importante que toda a den\u00fancia seja investigada com transpar\u00eancia e responsabilidade para que tudo fique esclarecido e a popula\u00e7\u00e3o seja informada. Se houver irregularidades, que os culpados sejam punidos\u201d, acrescenta Takemoto.<\/p>\n<p>Recentemente, as dire\u00e7\u00f5es da Caixa e do Banco do Brasil amea\u00e7aram romper com a Febraban em virtude do apoio da entidade ao teor do manifesto, que n\u00e3o cita nem o presidente Bolsonaro nem os chefes dos outros Poderes. A Federa\u00e7\u00e3o acabou se retirando do movimento coordenado pela Fiesp e os dois bancos p\u00fablicos permaneceram associados \u00e0 Febraban. O manifesto, que seria divulgado no final de agosto, foi publicado nesta sexta-feira (10) com o apoio de 247 entidades [sem a assinatura da Febraban].<\/p>\n<p>Na representa\u00e7\u00e3o ao TCU, o procurador Lucas Furtado pede tamb\u00e9m que o Tribunal investigue supostas amea\u00e7as a bancos privados, de perderem neg\u00f3cios com o governo, caso endossassem o manifesto. Furtado ressalta \u201creceio de ocorrer grave les\u00e3o ao interesse p\u00fablico\u201d. &#8220;Entendo que a quest\u00e3o ora em considera\u00e7\u00e3o encerra as condi\u00e7\u00f5es necess\u00e1rias e suficientes para que, com base no que disp\u00f5e o artigo 276, caput, do Regimento Interno do TCU, seja adotada medida cautelar determinando o afastamento tanto do presidente da Caixa Econ\u00f4mica Federal, Sr. Pedro Guimar\u00e3es, como o do Banco do Brasil, Sr. Fausto de Andrade Ribeiro, uma vez que demonstraram que o motor das decis\u00f5es tomadas na condu\u00e7\u00e3o das institui\u00e7\u00f5es que dirigem possui forte vi\u00e9s pol\u00edtico, em afronta ao esperado zelo pelo interesse p\u00fablico e n\u00e3o do governo de plant\u00e3o&#8221;.<\/p>\n<p>Para a coordenadora da Comiss\u00e3o Executiva dos Empregados (CEE) da Caixa, Fabiana Uehara, o caso refor\u00e7a o que se tem denunciado sobre uso pol\u00edtico do banco. \u201cPedro Guimar\u00e3es criou o &#8216;CaixaTur&#8217; [\u00e1rea administrativa] para viajar pelo pa\u00eds dizendo que est\u00e1 estimulando neg\u00f3cios quando, na verdade, est\u00e1 em plena campanha eleitoral antecipada, o que \u00e9 errado\u201d, observa. \u201cA cada viagem, faz declara\u00e7\u00f5es favor\u00e1veis ao atual governo e depreciativas dos governos anteriores\u201d, completa Uehara.<\/p>\n<p><strong>Retrata\u00e7\u00e3o judicial<\/strong><\/p>\n<p>A 10\u00aa Vara C\u00edvel de Bras\u00edlia determinou que Pedro Guimar\u00e3es esclare\u00e7a e se retrate judicialmente sobre informa\u00e7\u00f5es incorretas a respeito dos lucros da Caixa. Proferida na \u00faltima semana pela ju\u00edza substituta Monike Machado, a decis\u00e3o responde a uma interpela\u00e7\u00e3o movida em agosto pela deputada federal Erika Kokay (PT-DF), como informou a coluna de Lauro Jardim\/O Globo na quinta-feira (9).<\/p>\n<p>Na interpela\u00e7\u00e3o, a parlamentar pontuou afirma\u00e7\u00f5es p\u00fablicas feitas por Guimar\u00e3es e Bolsonaro de que, em 2020, o banco teria tido o maior lucro l\u00edquido da hist\u00f3ria bem como recorde de rentabilidade no ano anterior. Eles tamb\u00e9m divulgaram que a Caixa s\u00f3 teria gerado preju\u00edzos entre os anos de 2003 e 2010, durante o governo Lula.<\/p>\n<p>Com dados de estudo feito pelo Departamento Intersindical de Estat\u00edstica e Estudos Socioecon\u00f4micos (Dieese), Erika Kokay demonstrou \u00e0 Justi\u00e7a que as declara\u00e7\u00f5es s\u00e3o inver\u00eddicas e que, na verdade, a Caixa teve lucros maiores com Lula do que com Bolsonaro.<\/p>\n<p>De acordo com o levantamento do Dieese, consolidado no \u00faltimo m\u00eas de maio, o banco contabilizou, em valores atualizados, lucro l\u00edquido acumulado de R$ 41,3 bilh\u00f5es e R$ 50 bilh\u00f5es, respectivamente, durante os governos Lula (2003 a 2010) e Dilma (2011 a 2016). J\u00e1 nos anos de 2019 e 2020, o lucro acumulado pela institui\u00e7\u00e3o foi de R$ 35,1 bilh\u00f5es, incluindo valores decorrentes da venda de ativos da Caixa.<\/p>\n","protected":false},"excerpt":{"rendered":"<p>Federa\u00e7\u00e3o Nacional das Associa\u00e7\u00f5es do Pessoal da Caixa Econ\u00f4mica Federal (Fenae) apoia representa\u00e7\u00e3o apresentada por subprocurador-geral do Minist\u00e9rio P\u00fablico ao TCU para que se apure atos das dire\u00e7\u00f5es da Caixa e do Banco do Brasil em epis\u00f3dio do manifesto da Fiesp que defende harmonia entre os Poderes e envolvia Febraban. Justi\u00e7a determina que presidente da Caixa Econ\u00f4mica esclare\u00e7a e se [&hellip;]<\/p>\n","protected":false},"author":27,"featured_media":0,"comment_status":"open","ping_status":"closed","sticky":false,"template":"","format":"standard","meta":{"footnotes":""},"categories":[2719],"tags":[1458,551,1013,1453,6400,1149,457,3751,1445,16335,3334,1341,4642,1361,623,241,635,19311],"class_list":["post-20638","post","type-post","status-publish","format-standard","hentry","category-servidor","tag-apuracao","tag-atendimento","tag-bancarios","tag-bb","tag-bolsonaro","tag-caixa","tag-denuncias","tag-dilma","tag-febraban","tag-fenae","tag-fiesp","tag-funcionarios","tag-lucro","tag-lula","tag-manifesto","tag-publico","tag-tcu","tag-uso-politico"],"_links":{"self":[{"href":"https:\/\/blogs.correiobraziliense.com.br\/servidor\/wp-json\/wp\/v2\/posts\/20638","targetHints":{"allow":["GET"]}}],"collection":[{"href":"https:\/\/blogs.correiobraziliense.com.br\/servidor\/wp-json\/wp\/v2\/posts"}],"about":[{"href":"https:\/\/blogs.correiobraziliense.com.br\/servidor\/wp-json\/wp\/v2\/types\/post"}],"author":[{"embeddable":true,"href":"https:\/\/blogs.correiobraziliense.com.br\/servidor\/wp-json\/wp\/v2\/users\/27"}],"replies":[{"embeddable":true,"href":"https:\/\/blogs.correiobraziliense.com.br\/servidor\/wp-json\/wp\/v2\/comments?post=20638"}],"version-history":[{"count":1,"href":"https:\/\/blogs.correiobraziliense.com.br\/servidor\/wp-json\/wp\/v2\/posts\/20638\/revisions"}],"predecessor-version":[{"id":20639,"href":"https:\/\/blogs.correiobraziliense.com.br\/servidor\/wp-json\/wp\/v2\/posts\/20638\/revisions\/20639"}],"wp:attachment":[{"href":"https:\/\/blogs.correiobraziliense.com.br\/servidor\/wp-json\/wp\/v2\/media?parent=20638"}],"wp:term":[{"taxonomy":"category","embeddable":true,"href":"https:\/\/blogs.correiobraziliense.com.br\/servidor\/wp-json\/wp\/v2\/categories?post=20638"},{"taxonomy":"post_tag","embeddable":true,"href":"https:\/\/blogs.correiobraziliense.com.br\/servidor\/wp-json\/wp\/v2\/tags?post=20638"}],"curies":[{"name":"wp","href":"https:\/\/api.w.org\/{rel}","templated":true}]}}