{"id":20618,"date":"2021-09-08T21:28:56","date_gmt":"2021-09-09T00:28:56","guid":{"rendered":"https:\/\/blogs.correiobraziliense.com.br\/servidor\/?p=20618"},"modified":"2021-09-08T21:28:56","modified_gmt":"2021-09-09T00:28:56","slug":"unacon-sindical-repudia-elogios-de-wagner-rosario-da-cgu-aos-movimentos-bolsonaristas-de-7-de-setembro","status":"publish","type":"post","link":"https:\/\/blogs.correiobraziliense.com.br\/servidor\/unacon-sindical-repudia-elogios-de-wagner-rosario-da-cgu-aos-movimentos-bolsonaristas-de-7-de-setembro\/","title":{"rendered":"Unacon Sindical repudia elogios de Wagner Ros\u00e1rio, da CGU, aos movimentos bolsonaristas de 7 de Setembro"},"content":{"rendered":"<p><em><strong>Em nota, a entidade destaca que, na noite em que, pelas redes sociais, &#8220;o ministro exaltava a beleza do movimento na capital da Rep\u00fablica \u2013 &#8216;Lindo\u00a0ver Bras\u00edlia ser tomada por pessoas de bem&#8217; \u2013, as &#8216;pessoas ordeiras&#8217;\u201d, atendendo ao chamado\u00a0do chefe do Poder Executivo Federal, clamavam por interven\u00e7\u00e3o militar, fechamento do\u00a0Supremo Tribunal Federal, al\u00e9m de amea\u00e7arem o Congresso Nacional&#8221;<\/strong><\/em><\/p>\n<p><img loading=\"lazy\" decoding=\"async\" class=\"alignright size-full wp-image-20619\" src=\"https:\/\/blogs.correiobraziliense.com.br\/servidor\/wp-content\/uploads\/sites\/10\/2021\/09\/BRASIL-ENVERGONHADO.jpeg\" alt=\"\" width=\"800\" height=\"589\" srcset=\"https:\/\/blogs.correiobraziliense.com.br\/servidor\/wp-content\/uploads\/sites\/10\/2021\/09\/BRASIL-ENVERGONHADO.jpeg 800w, https:\/\/blogs.correiobraziliense.com.br\/servidor\/wp-content\/uploads\/sites\/10\/2021\/09\/BRASIL-ENVERGONHADO-300x221.jpeg 300w, https:\/\/blogs.correiobraziliense.com.br\/servidor\/wp-content\/uploads\/sites\/10\/2021\/09\/BRASIL-ENVERGONHADO-768x565.jpeg 768w, https:\/\/blogs.correiobraziliense.com.br\/servidor\/wp-content\/uploads\/sites\/10\/2021\/09\/BRASIL-ENVERGONHADO-550x405.jpeg 550w, https:\/\/blogs.correiobraziliense.com.br\/servidor\/wp-content\/uploads\/sites\/10\/2021\/09\/BRASIL-ENVERGONHADO-230x169.jpeg 230w\" sizes=\"auto, (max-width: 800px) 100vw, 800px\" \/><\/p>\n<p>&#8220;N\u00e3o postularam um pa\u00eds mais justo;\u00a0ali\u00e1s, como faz\u00ea-lo quando o governo que apoiam se empenha na retirada de direitos de\u00a0trabalhadores, enfraquece as pol\u00edticas sociais, acelera a degrada\u00e7\u00e3o do meio ambiente e\u00a0promove o aumento da desigualdade, da pobreza e da volta da fome para vastas parcelas da\u00a0popula\u00e7\u00e3o?&#8221;, questiona o Unacon.<\/p>\n<p>Veja o documento:<\/p>\n<p>&#8220;Nota p\u00fablica<\/p>\n<p>O Sindicato Nacional dos Auditores e T\u00e9cnicos Federais de Finan\u00e7as e Controle (Unacon Sindical), entidade representativa dos servidores da Secretaria do Tesouro Nacional (STN) e da\u00a0Controladoria-Geral da Uni\u00e3o (CGU), vem a p\u00fablico se contrapor \u00e0 declara\u00e7\u00e3o do ministro da\u00a0CGU, Wagner Ros\u00e1rio, publicada em redes sociais na noite de 6 de setembro, segundo a qual\u00a0\u201cpessoas de bem, pessoas ordeiras, que s\u00f3 querem viver num pa\u00eds mais justo, mais livre e mais\u00a0democr\u00e1tico\u201d, tomaram Bras\u00edlia.<\/p>\n<p>Na noite em que o ministro exaltava a beleza do movimento na capital da Rep\u00fablica \u2013 \u201cLindo\u00a0ver Bras\u00edlia ser tomada por pessoas de bem\u201d \u2013, as \u201cpessoas ordeiras\u201d, atendendo ao chamado\u00a0do chefe do Poder Executivo Federal, clamavam por interven\u00e7\u00e3o militar, fechamento do\u00a0Supremo Tribunal Federal, al\u00e9m de amea\u00e7arem o Congresso Nacional. Ao mesmo tempo,\u00a0rompiam barreiras policiais para, contrariamente ao acordado com as autoridades locais,\u00a0estacionarem caminh\u00f5es e tratores em \u00e1reas pr\u00f3ximas aos Poderes Legislativo e Judici\u00e1rio, e<br \/>\nacamparem na Esplanada dos Minist\u00e9rios.<\/p>\n<p>Com queda na popularidade, desaprova\u00e7\u00e3o em alta, problemas graves na gest\u00e3o sanit\u00e1ria e\u00a0econ\u00f4mica, alvo de den\u00fancias que v\u00e3o de improbidade administrativa a corrup\u00e7\u00e3o com\u00a0enriquecimento il\u00edcito, governo e apoiadores n\u00e3o celebravam a independ\u00eancia conquistada h\u00e1\u00a0199 anos, mas impediram a na\u00e7\u00e3o de faz\u00ea-lo amea\u00e7ando-a. N\u00e3o exaltaram a democracia e a\u00a0liberdade, mas atacaram a independ\u00eancia dos Poderes. N\u00e3o postularam um pa\u00eds mais justo;\u00a0ali\u00e1s, como faz\u00ea-lo quando o governo que apoiam se empenha na retirada de direitos de\u00a0trabalhadores, enfraquece as pol\u00edticas sociais, acelera a degrada\u00e7\u00e3o do meio ambiente e\u00a0promove o aumento da desigualdade, da pobreza e da volta da fome para vastas parcelas da\u00a0popula\u00e7\u00e3o?<\/p>\n<p>No dia 7 de setembro, manifestantes tentaram reiteradamente invadir o Supremo Tribunal\u00a0Federal, ao passo que o pr\u00f3prio presidente da Rep\u00fablica reafirmou o teor belicoso dos eventos\u00a0convocados: \u201cN\u00e3o podemos continuar aceitando que uma pessoa espec\u00edfica na regi\u00e3o dos Tr\u00eas\u00a0Poderes continue barbarizando&#8230;ou o chefe desse Poder enquadra o seu [ministro] ou esse\u00a0Poder pode sofrer aquilo que n\u00f3s n\u00e3o queremos&#8230;[Digo] a voc\u00eas que qualquer decis\u00e3o do\u00a0senhor Alexandre de Moraes (ministro do Supremo Tribunal Federal) esse presidente n\u00e3o mais<br \/>\ncumprir\u00e1. A paci\u00eancia do nosso povo j\u00e1 se esgotou.\u201d<\/p>\n<p>O extremismo pol\u00edtico minorit\u00e1rio na sociedade \u00e9 o avesso da democracia, da liberdade e da\u00a0justi\u00e7a, e, se depender da ampla maioria da popula\u00e7\u00e3o do pa\u00eds, n\u00e3o ir\u00e1 nos privar delas.<\/p>\n<p>Bras\u00edlia, 8 de setembro de 2021<br \/>\nBra\u00falio Cerqueira<br \/>\nPresidente do Unacon Sindical<\/p>\n<p>Rudinei Marques<br \/>\nSecret\u00e1rio Executivo do Unacon Sindical&#8221;<\/p>\n<p>&nbsp;<\/p>\n<p>&nbsp;<\/p>\n","protected":false},"excerpt":{"rendered":"<p>Em nota, a entidade destaca que, na noite em que, pelas redes sociais, &#8220;o ministro exaltava a beleza do movimento na capital da Rep\u00fablica \u2013 &#8216;Lindo\u00a0ver Bras\u00edlia ser tomada por pessoas de bem&#8217; \u2013, as &#8216;pessoas ordeiras&#8217;\u201d, atendendo ao chamado\u00a0do chefe do Poder Executivo Federal, clamavam por interven\u00e7\u00e3o militar, fechamento do\u00a0Supremo Tribunal Federal, al\u00e9m de amea\u00e7arem o Congresso Nacional&#8221; &#8220;N\u00e3o [&hellip;]<\/p>\n","protected":false},"author":27,"featured_media":0,"comment_status":"open","ping_status":"closed","sticky":false,"template":"","format":"standard","meta":{"footnotes":""},"categories":[2719],"tags":[15972,19298,867,2035,100,4053,6115,263,16759,13649,1734,8629,1413,3839,1417,34,1664,1455,3175],"class_list":["post-20618","post","type-post","status-publish","format-standard","hentry","category-servidor","tag-7-de-setembro","tag-belicoso","tag-brasilia","tag-cgu","tag-congresso","tag-democracia","tag-desigualdade","tag-independencia","tag-intervencao-militar","tag-jair-bolsonaro","tag-manifestacoes","tag-pobreza","tag-poder-executivo","tag-poderes","tag-republica","tag-stf","tag-stn","tag-unacon-sindical","tag-wagner-rosario"],"_links":{"self":[{"href":"https:\/\/blogs.correiobraziliense.com.br\/servidor\/wp-json\/wp\/v2\/posts\/20618","targetHints":{"allow":["GET"]}}],"collection":[{"href":"https:\/\/blogs.correiobraziliense.com.br\/servidor\/wp-json\/wp\/v2\/posts"}],"about":[{"href":"https:\/\/blogs.correiobraziliense.com.br\/servidor\/wp-json\/wp\/v2\/types\/post"}],"author":[{"embeddable":true,"href":"https:\/\/blogs.correiobraziliense.com.br\/servidor\/wp-json\/wp\/v2\/users\/27"}],"replies":[{"embeddable":true,"href":"https:\/\/blogs.correiobraziliense.com.br\/servidor\/wp-json\/wp\/v2\/comments?post=20618"}],"version-history":[{"count":1,"href":"https:\/\/blogs.correiobraziliense.com.br\/servidor\/wp-json\/wp\/v2\/posts\/20618\/revisions"}],"predecessor-version":[{"id":20620,"href":"https:\/\/blogs.correiobraziliense.com.br\/servidor\/wp-json\/wp\/v2\/posts\/20618\/revisions\/20620"}],"wp:attachment":[{"href":"https:\/\/blogs.correiobraziliense.com.br\/servidor\/wp-json\/wp\/v2\/media?parent=20618"}],"wp:term":[{"taxonomy":"category","embeddable":true,"href":"https:\/\/blogs.correiobraziliense.com.br\/servidor\/wp-json\/wp\/v2\/categories?post=20618"},{"taxonomy":"post_tag","embeddable":true,"href":"https:\/\/blogs.correiobraziliense.com.br\/servidor\/wp-json\/wp\/v2\/tags?post=20618"}],"curies":[{"name":"wp","href":"https:\/\/api.w.org\/{rel}","templated":true}]}}