{"id":20605,"date":"2021-09-06T07:29:33","date_gmt":"2021-09-06T10:29:33","guid":{"rendered":"https:\/\/blogs.correiobraziliense.com.br\/servidor\/?p=20605"},"modified":"2021-09-05T22:36:31","modified_gmt":"2021-09-06T01:36:31","slug":"seminario-discute-experiencia-do-reino-unido-na-gestao-de-servidores-publicos","status":"publish","type":"post","link":"https:\/\/blogs.correiobraziliense.com.br\/servidor\/seminario-discute-experiencia-do-reino-unido-na-gestao-de-servidores-publicos\/","title":{"rendered":"Semin\u00e1rio discute experi\u00eancia do Reino Unido na gest\u00e3o de servidores p\u00fablicos"},"content":{"rendered":"<p><em><strong>Na pr\u00f3xima quinta-feira, dia 9 de setembro. \u00e0s 10h, acontece o semin\u00e1rio Gest\u00e3o por Desempenho e Desenvolvimento de Talentos: valorizando e reconhecendo pessoas, com a participa\u00e7\u00e3o de diversos parlamentares. Uma das convidadas \u00e9 Sonia Pawson, do gabinete do governo federal do Reino Unido.<\/strong><\/em><\/p>\n<figure id=\"attachment_14311\" aria-describedby=\"caption-attachment-14311\" style=\"width: 800px\" class=\"wp-caption alignright\"><img loading=\"lazy\" decoding=\"async\" class=\"size-full wp-image-14311\" src=\"https:\/\/blogs.correiobraziliense.com.br\/servidor\/wp-content\/uploads\/sites\/10\/2019\/11\/CBPFOT300120190959.jpg\" alt=\"Congresso C\u00e2mara dos Deputados\" width=\"800\" height=\"531\" srcset=\"https:\/\/blogs.correiobraziliense.com.br\/servidor\/wp-content\/uploads\/sites\/10\/2019\/11\/CBPFOT300120190959.jpg 800w, https:\/\/blogs.correiobraziliense.com.br\/servidor\/wp-content\/uploads\/sites\/10\/2019\/11\/CBPFOT300120190959-300x199.jpg 300w, https:\/\/blogs.correiobraziliense.com.br\/servidor\/wp-content\/uploads\/sites\/10\/2019\/11\/CBPFOT300120190959-768x510.jpg 768w, https:\/\/blogs.correiobraziliense.com.br\/servidor\/wp-content\/uploads\/sites\/10\/2019\/11\/CBPFOT300120190959-350x232.jpg 350w, https:\/\/blogs.correiobraziliense.com.br\/servidor\/wp-content\/uploads\/sites\/10\/2019\/11\/CBPFOT300120190959-550x365.jpg 550w, https:\/\/blogs.correiobraziliense.com.br\/servidor\/wp-content\/uploads\/sites\/10\/2019\/11\/CBPFOT300120190959-230x153.jpg 230w\" sizes=\"auto, (max-width: 800px) 100vw, 800px\" \/><figcaption id=\"caption-attachment-14311\" class=\"wp-caption-text\"><em>Minervino Junior\/CB\/D.A Press.<\/em><\/figcaption><\/figure>\n<p>O semin\u00e1rio \u00e9 promovido pela C\u00e2mara dos Deputados, com o apoio da OCDE (Organiza\u00e7\u00e3o para Coopera\u00e7\u00e3o e Desenvolvimento Econ\u00f4mico), do PNUD (Programa das Na\u00e7\u00f5es Unidas para o Desenvolvimento) e do Movimento Pessoas \u00e0 Frente (@movimentopessoasafrente) e poder\u00e1 ser assistido on-line pelo canal do YouTube da C\u00e2mara dos Deputados.<\/p>\n<p>&nbsp;<\/p>\n","protected":false},"excerpt":{"rendered":"<p>Na pr\u00f3xima quinta-feira, dia 9 de setembro. \u00e0s 10h, acontece o semin\u00e1rio Gest\u00e3o por Desempenho e Desenvolvimento de Talentos: valorizando e reconhecendo pessoas, com a participa\u00e7\u00e3o de diversos parlamentares. Uma das convidadas \u00e9 Sonia Pawson, do gabinete do governo federal do Reino Unido. O semin\u00e1rio \u00e9 promovido pela C\u00e2mara dos Deputados, com o apoio da OCDE (Organiza\u00e7\u00e3o para Coopera\u00e7\u00e3o e [&hellip;]<\/p>\n","protected":false},"author":27,"featured_media":0,"comment_status":"open","ping_status":"closed","sticky":false,"template":"","format":"standard","meta":{"footnotes":""},"categories":[2719],"tags":[1531,315,18430,6800,5514,19294,58],"class_list":["post-20605","post","type-post","status-publish","format-standard","hentry","category-servidor","tag-camara-dos-deputados","tag-gestao","tag-movimento-pessoas-a-frente","tag-ocde","tag-pnud","tag-reino-unidos","tag-servidores"],"_links":{"self":[{"href":"https:\/\/blogs.correiobraziliense.com.br\/servidor\/wp-json\/wp\/v2\/posts\/20605","targetHints":{"allow":["GET"]}}],"collection":[{"href":"https:\/\/blogs.correiobraziliense.com.br\/servidor\/wp-json\/wp\/v2\/posts"}],"about":[{"href":"https:\/\/blogs.correiobraziliense.com.br\/servidor\/wp-json\/wp\/v2\/types\/post"}],"author":[{"embeddable":true,"href":"https:\/\/blogs.correiobraziliense.com.br\/servidor\/wp-json\/wp\/v2\/users\/27"}],"replies":[{"embeddable":true,"href":"https:\/\/blogs.correiobraziliense.com.br\/servidor\/wp-json\/wp\/v2\/comments?post=20605"}],"version-history":[{"count":1,"href":"https:\/\/blogs.correiobraziliense.com.br\/servidor\/wp-json\/wp\/v2\/posts\/20605\/revisions"}],"predecessor-version":[{"id":20606,"href":"https:\/\/blogs.correiobraziliense.com.br\/servidor\/wp-json\/wp\/v2\/posts\/20605\/revisions\/20606"}],"wp:attachment":[{"href":"https:\/\/blogs.correiobraziliense.com.br\/servidor\/wp-json\/wp\/v2\/media?parent=20605"}],"wp:term":[{"taxonomy":"category","embeddable":true,"href":"https:\/\/blogs.correiobraziliense.com.br\/servidor\/wp-json\/wp\/v2\/categories?post=20605"},{"taxonomy":"post_tag","embeddable":true,"href":"https:\/\/blogs.correiobraziliense.com.br\/servidor\/wp-json\/wp\/v2\/tags?post=20605"}],"curies":[{"name":"wp","href":"https:\/\/api.w.org\/{rel}","templated":true}]}}