{"id":20591,"date":"2021-09-02T16:05:19","date_gmt":"2021-09-02T19:05:19","guid":{"rendered":"https:\/\/blogs.correiobraziliense.com.br\/servidor\/?p=20591"},"modified":"2021-09-02T16:06:08","modified_gmt":"2021-09-02T19:06:08","slug":"servidores-da-area-ambiental-denunciam-casos-de-assedio-moral-a-mpf-e-mpt","status":"publish","type":"post","link":"https:\/\/blogs.correiobraziliense.com.br\/servidor\/servidores-da-area-ambiental-denunciam-casos-de-assedio-moral-a-mpf-e-mpt\/","title":{"rendered":"Servidores da \u00e1rea ambiental denunciam casos de ass\u00e9dio moral a MPF e MPT"},"content":{"rendered":"<p><em><strong>A den\u00fancia, protocolada pela Ascema ao Minist\u00e9rio P\u00fablico Federal (MPF) e ao Minist\u00e9rio P\u00fablico do Trabalho (MPT), destaca 64 casos de retalia\u00e7\u00f5es contra servidores de \u00f3rg\u00e3os ambientais, mas o n\u00famero \u00e9 muito maior.\u00a0Os dados confirmam que os ass\u00e9dios est\u00e3o ligados aos meses em que houve aumento do desmatamento e a invas\u00e3o de \u00e1reas de prote\u00e7\u00e3o ambiental por grileiros e garimpeiros ilegais<\/strong><\/em><\/p>\n<p><img loading=\"lazy\" decoding=\"async\" class=\"alignright size-large wp-image-19137\" src=\"https:\/\/blogs.correiobraziliense.com.br\/servidor\/wp-content\/uploads\/sites\/10\/2021\/02\/ass\u00e9dio-moral-banc\u00e1rios-1024x512.jpg\" alt=\"\" width=\"1024\" height=\"512\" srcset=\"https:\/\/blogs.correiobraziliense.com.br\/servidor\/wp-content\/uploads\/sites\/10\/2021\/02\/ass\u00e9dio-moral-banc\u00e1rios-1024x512.jpg 1024w, https:\/\/blogs.correiobraziliense.com.br\/servidor\/wp-content\/uploads\/sites\/10\/2021\/02\/ass\u00e9dio-moral-banc\u00e1rios-300x150.jpg 300w, https:\/\/blogs.correiobraziliense.com.br\/servidor\/wp-content\/uploads\/sites\/10\/2021\/02\/ass\u00e9dio-moral-banc\u00e1rios-768x384.jpg 768w, https:\/\/blogs.correiobraziliense.com.br\/servidor\/wp-content\/uploads\/sites\/10\/2021\/02\/ass\u00e9dio-moral-banc\u00e1rios-1440x720.jpg 1440w, https:\/\/blogs.correiobraziliense.com.br\/servidor\/wp-content\/uploads\/sites\/10\/2021\/02\/ass\u00e9dio-moral-banc\u00e1rios-800x400.jpg 800w, https:\/\/blogs.correiobraziliense.com.br\/servidor\/wp-content\/uploads\/sites\/10\/2021\/02\/ass\u00e9dio-moral-banc\u00e1rios-550x275.jpg 550w, https:\/\/blogs.correiobraziliense.com.br\/servidor\/wp-content\/uploads\/sites\/10\/2021\/02\/ass\u00e9dio-moral-banc\u00e1rios-230x115.jpg 230w, https:\/\/blogs.correiobraziliense.com.br\/servidor\/wp-content\/uploads\/sites\/10\/2021\/02\/ass\u00e9dio-moral-banc\u00e1rios.jpg 1600w\" sizes=\"auto, (max-width: 1024px) 100vw, 1024px\" \/><\/p>\n<p>O Assedi\u00f4metro registra hoje 949 reclama\u00e7\u00f5es que envolvem ass\u00e9dio moral, press\u00e3o, persegui\u00e7\u00e3o, estresse, sub-aproveitamento das capacidades e qualifica\u00e7\u00f5es adquiridas ao longo de anos de trabalho e retalia\u00e7\u00f5es, principalmente quando houve a pr\u00e1tica de algum ato administrativo que gerou descontentamento em jurisdicionado questionado.<\/p>\n<p>Os dados confirmam que os ass\u00e9dios aos servidores de \u00f3rg\u00e3os de prote\u00e7\u00e3o ambiental est\u00e3o ligados aos meses em que houve aumento do desmatamento e a invas\u00e3o de \u00e1reas de prote\u00e7\u00e3o ambiental por grileiros e garimpeiros ilegais, casos que est\u00e3o cada vez mais presentes nos grandes jornais brasileiros e na imprensa internacional.<\/p>\n<p>Aus\u00eancia de meios de fiscaliza\u00e7\u00e3o e persegui\u00e7\u00e3o a cientistas e fiscais do IBAMA e ICMBio s\u00e3o as queixas mais comuns entre servidores, que afirmam n\u00e3o notarem mudan\u00e7as na diretriz antiambiental da pasta ap\u00f3s a sa\u00edda de Ricardo Salles. O atual ministro do meio ambiente, Joaquim Pereira Leite, d\u00e1 continuidade \u00e0 pol\u00edtica de desmonte e negacionismo de seu antecessor.<\/p>\n<blockquote class=\"wp-embedded-content\" data-secret=\"iIxbmC0FwR\"><p><a href=\"http:\/\/www.ascemanacional.org.br\/ascema-nacional-denuncia-ao-mpf-e-mpt-assedio-moral-cometido-contra-servidores-publicos-da-area-ambiental\/\">Ascema Nacional denuncia ao MPF e MPT ass\u00e9dio moral cometido contra servidores p\u00fablicos da \u00e1rea ambiental<\/a><\/p><\/blockquote>\n<p><iframe loading=\"lazy\" class=\"wp-embedded-content\" sandbox=\"allow-scripts\" security=\"restricted\" style=\"position: absolute; clip: rect(1px, 1px, 1px, 1px);\" src=\"http:\/\/www.ascemanacional.org.br\/ascema-nacional-denuncia-ao-mpf-e-mpt-assedio-moral-cometido-contra-servidores-publicos-da-area-ambiental\/embed\/#?secret=iIxbmC0FwR\" data-secret=\"iIxbmC0FwR\" width=\"600\" height=\"338\" title=\"&#8220;Ascema Nacional denuncia ao MPF e MPT ass\u00e9dio moral cometido contra servidores p\u00fablicos da \u00e1rea ambiental&#8221; &#8212; Ascema Nacional\" frameborder=\"0\" marginwidth=\"0\" marginheight=\"0\" scrolling=\"no\"><\/iframe><\/p>\n","protected":false},"excerpt":{"rendered":"<p>A den\u00fancia, protocolada pela Ascema ao Minist\u00e9rio P\u00fablico Federal (MPF) e ao Minist\u00e9rio P\u00fablico do Trabalho (MPT), destaca 64 casos de retalia\u00e7\u00f5es contra servidores de \u00f3rg\u00e3os ambientais, mas o n\u00famero \u00e9 muito maior.\u00a0Os dados confirmam que os ass\u00e9dios est\u00e3o ligados aos meses em que houve aumento do desmatamento e a invas\u00e3o de \u00e1reas de prote\u00e7\u00e3o ambiental por grileiros e garimpeiros [&hellip;]<\/p>\n","protected":false},"author":27,"featured_media":0,"comment_status":"open","ping_status":"closed","sticky":false,"template":"","format":"standard","meta":{"footnotes":""},"categories":[2719],"tags":[9386,15658,1870,17747,7031,9031,19286,19285,8525,6095,453,3474,2149,4822,58],"class_list":["post-20591","post","type-post","status-publish","format-standard","hentry","category-servidor","tag-ambiental","tag-area-ambiental","tag-assedio","tag-assediometro","tag-desmatamento","tag-estresse","tag-garimpeiros","tag-grileiros","tag-ilegais","tag-invasao","tag-mpf","tag-mpt","tag-perseguicao","tag-retaliacoes","tag-servidores"],"_links":{"self":[{"href":"https:\/\/blogs.correiobraziliense.com.br\/servidor\/wp-json\/wp\/v2\/posts\/20591","targetHints":{"allow":["GET"]}}],"collection":[{"href":"https:\/\/blogs.correiobraziliense.com.br\/servidor\/wp-json\/wp\/v2\/posts"}],"about":[{"href":"https:\/\/blogs.correiobraziliense.com.br\/servidor\/wp-json\/wp\/v2\/types\/post"}],"author":[{"embeddable":true,"href":"https:\/\/blogs.correiobraziliense.com.br\/servidor\/wp-json\/wp\/v2\/users\/27"}],"replies":[{"embeddable":true,"href":"https:\/\/blogs.correiobraziliense.com.br\/servidor\/wp-json\/wp\/v2\/comments?post=20591"}],"version-history":[{"count":1,"href":"https:\/\/blogs.correiobraziliense.com.br\/servidor\/wp-json\/wp\/v2\/posts\/20591\/revisions"}],"predecessor-version":[{"id":20593,"href":"https:\/\/blogs.correiobraziliense.com.br\/servidor\/wp-json\/wp\/v2\/posts\/20591\/revisions\/20593"}],"wp:attachment":[{"href":"https:\/\/blogs.correiobraziliense.com.br\/servidor\/wp-json\/wp\/v2\/media?parent=20591"}],"wp:term":[{"taxonomy":"category","embeddable":true,"href":"https:\/\/blogs.correiobraziliense.com.br\/servidor\/wp-json\/wp\/v2\/categories?post=20591"},{"taxonomy":"post_tag","embeddable":true,"href":"https:\/\/blogs.correiobraziliense.com.br\/servidor\/wp-json\/wp\/v2\/tags?post=20591"}],"curies":[{"name":"wp","href":"https:\/\/api.w.org\/{rel}","templated":true}]}}