{"id":2059,"date":"2016-06-27T13:02:36","date_gmt":"2016-06-27T16:02:36","guid":{"rendered":"https:\/\/blogs.correiobraziliense.com.br\/servidor\/?p=2059"},"modified":"2016-06-27T13:02:36","modified_gmt":"2016-06-27T16:02:36","slug":"centrais-e-governo-debatem-amanha-mudancas-na-previdencia-social","status":"publish","type":"post","link":"https:\/\/blogs.correiobraziliense.com.br\/servidor\/centrais-e-governo-debatem-amanha-mudancas-na-previdencia-social\/","title":{"rendered":"Centrais e governo debatem amanh\u00e3 mudan\u00e7as na Previd\u00eancia Social"},"content":{"rendered":"<p>Representantes das centrais sindicais &#8211; For\u00e7a Sindical, UGT, NCST e CSB &#8211; v\u00e3o se reunir amanh\u00e3 (28), \u00e0s 15 horas, no Pal\u00e1cio do Planalto, com o ministro da Casa Civil, Eliseu Padilha. O tema em debate ser\u00e1 a reforma da Previd\u00eancia Social e as propostas apresentadas pelas centrais para recuperar a sa\u00fade financeira da Previd\u00eancia.<\/p>\n","protected":false},"excerpt":{"rendered":"<p>Representantes das centrais sindicais &#8211; For\u00e7a Sindical, UGT, NCST e CSB &#8211; v\u00e3o se reunir amanh\u00e3 (28), \u00e0s 15 horas, no Pal\u00e1cio do Planalto, com o ministro da Casa Civil, Eliseu Padilha. O tema em debate ser\u00e1 a reforma da Previd\u00eancia Social e as propostas apresentadas pelas centrais para recuperar a sa\u00fade financeira da Previd\u00eancia.<\/p>\n","protected":false},"author":27,"featured_media":0,"comment_status":"open","ping_status":"closed","sticky":false,"template":"","format":"standard","meta":{"footnotes":""},"categories":[1],"tags":[1259,98,1603,711],"class_list":["post-2059","post","type-post","status-publish","format-standard","hentry","category-sem-categoria","tag-centrais","tag-governo","tag-previdencia-social","tag-reforma"],"_links":{"self":[{"href":"https:\/\/blogs.correiobraziliense.com.br\/servidor\/wp-json\/wp\/v2\/posts\/2059","targetHints":{"allow":["GET"]}}],"collection":[{"href":"https:\/\/blogs.correiobraziliense.com.br\/servidor\/wp-json\/wp\/v2\/posts"}],"about":[{"href":"https:\/\/blogs.correiobraziliense.com.br\/servidor\/wp-json\/wp\/v2\/types\/post"}],"author":[{"embeddable":true,"href":"https:\/\/blogs.correiobraziliense.com.br\/servidor\/wp-json\/wp\/v2\/users\/27"}],"replies":[{"embeddable":true,"href":"https:\/\/blogs.correiobraziliense.com.br\/servidor\/wp-json\/wp\/v2\/comments?post=2059"}],"version-history":[{"count":1,"href":"https:\/\/blogs.correiobraziliense.com.br\/servidor\/wp-json\/wp\/v2\/posts\/2059\/revisions"}],"predecessor-version":[{"id":2060,"href":"https:\/\/blogs.correiobraziliense.com.br\/servidor\/wp-json\/wp\/v2\/posts\/2059\/revisions\/2060"}],"wp:attachment":[{"href":"https:\/\/blogs.correiobraziliense.com.br\/servidor\/wp-json\/wp\/v2\/media?parent=2059"}],"wp:term":[{"taxonomy":"category","embeddable":true,"href":"https:\/\/blogs.correiobraziliense.com.br\/servidor\/wp-json\/wp\/v2\/categories?post=2059"},{"taxonomy":"post_tag","embeddable":true,"href":"https:\/\/blogs.correiobraziliense.com.br\/servidor\/wp-json\/wp\/v2\/tags?post=2059"}],"curies":[{"name":"wp","href":"https:\/\/api.w.org\/{rel}","templated":true}]}}