{"id":20580,"date":"2021-09-02T11:30:31","date_gmt":"2021-09-02T14:30:31","guid":{"rendered":"https:\/\/blogs.correiobraziliense.com.br\/servidor\/?p=20580"},"modified":"2021-09-02T11:31:06","modified_gmt":"2021-09-02T14:31:06","slug":"senado-revoga-resolucao-que-limita-participacao-do-governo-em-planos-de-saude-de-estatais","status":"publish","type":"post","link":"https:\/\/blogs.correiobraziliense.com.br\/servidor\/senado-revoga-resolucao-que-limita-participacao-do-governo-em-planos-de-saude-de-estatais\/","title":{"rendered":"Senado revoga resolu\u00e7\u00e3o que limita participa\u00e7\u00e3o do governo em planos de sa\u00fade de estatais"},"content":{"rendered":"<p><em><strong>O Plen\u00e1rio do Senado aprovou o Projeto de Decreto Legislativo (PDL)<a class=\"external-link\" title=\"\" href=\"http:\/\/www25.senado.leg.br\/web\/atividade\/materias\/-\/materia\/149198\" target=\"_self\"> 342\/2021<\/a>, que suspende os efeitos da\u00a0<a href=\"https:\/\/www.in.gov.br\/materia\/-\/asset_publisher\/Kujrw0TZC2Mb\/content\/id\/2154714\/do1-2018-01-26-resolucao-n-23-de-18-de-janeiro-de-2018-2154710\" target=\"_self\">Resolu\u00e7\u00e3o 23, de 2018<\/a>, do antigo Minist\u00e9rio do Planejamento, que reduzia o desembolso das estatais com os plano de sa\u00fade de autogest\u00e3o dos empregados. A aprova\u00e7\u00e3o do texto, que vai a promulga\u00e7\u00e3o, foi saudada por servidores de estatais que acompanharam a vota\u00e7\u00e3o.<\/strong><\/em><\/p>\n<figure id=\"attachment_12397\" aria-describedby=\"caption-attachment-12397\" style=\"width: 800px\" class=\"wp-caption alignright\"><img loading=\"lazy\" decoding=\"async\" class=\"size-full wp-image-12397\" src=\"https:\/\/blogs.correiobraziliense.com.br\/servidor\/wp-content\/uploads\/sites\/10\/2019\/05\/planodesaude.jpg\" alt=\"planos de sa\u00fade\" width=\"800\" height=\"602\" srcset=\"https:\/\/blogs.correiobraziliense.com.br\/servidor\/wp-content\/uploads\/sites\/10\/2019\/05\/planodesaude.jpg 800w, https:\/\/blogs.correiobraziliense.com.br\/servidor\/wp-content\/uploads\/sites\/10\/2019\/05\/planodesaude-300x226.jpg 300w, https:\/\/blogs.correiobraziliense.com.br\/servidor\/wp-content\/uploads\/sites\/10\/2019\/05\/planodesaude-768x578.jpg 768w, https:\/\/blogs.correiobraziliense.com.br\/servidor\/wp-content\/uploads\/sites\/10\/2019\/05\/planodesaude-350x263.jpg 350w, https:\/\/blogs.correiobraziliense.com.br\/servidor\/wp-content\/uploads\/sites\/10\/2019\/05\/planodesaude-550x414.jpg 550w, https:\/\/blogs.correiobraziliense.com.br\/servidor\/wp-content\/uploads\/sites\/10\/2019\/05\/planodesaude-230x173.jpg 230w\" sizes=\"auto, (max-width: 800px) 100vw, 800px\" \/><figcaption id=\"caption-attachment-12397\" class=\"wp-caption-text\">Cr\u00e9dito: J\u00falio Palagesse\/CB\/D.A Press<\/figcaption><\/figure>\n<p>Segundo a autora do projeto, deputada federal Erika Kokay (PT-DF), a resolu\u00e7\u00e3o \u2014 agora revogada \u2014 limita a contribui\u00e7\u00e3o das empresas estatais aos planos de sa\u00fade dos empregados, sob a forma de autogest\u00e3o. De acordo com ela, a resolu\u00e7\u00e3o exorbita o poder regulamentar do Executivo por contrariar as regras da Lei dos Planos de Sa\u00fade (Lei\u00a0<a href=\"http:\/\/www.planalto.gov.br\/ccivil_03\/leis\/l9656.htm#:~:text=L9656&amp;text=LEI%20N%C2%BA%209.656%2C%20DE%203%20DE%20JUNHO%20DE%201998.&amp;text=Disp%C3%B5e%20sobre%20os%20planos%20e%20seguros%20privados%20de%20assist%C3%AAncia%20%C3%A0%20sa%C3%BAde.&amp;text=%C2%A7%205o%20%C3%89%20vedada,privado%20de%20assist%C3%AAncia%20%C3%A0%20sa%C3%BAde.\">9.656, de 1998<\/a>) e ferir direitos adquiridos dos empregados, assegurados em negocia\u00e7\u00f5es coletivas e em estatutos. A deputada tamb\u00e9m argumenta que a resolu\u00e7\u00e3o \u00e9 inconstitucional por violar o direito \u00e0 liberdade associativa.<\/p>\n<p>O relator da mat\u00e9ria, senador Rom\u00e1rio (PL-RJ), apresentou voto favor\u00e1vel ao projeto de Erika Kokay. Ele considerou tamb\u00e9m a resolu\u00e7\u00e3o \u00e9 inconstitucional.<\/p>\n<p>&#8220;Apesar de declarar que estabelece diretrizes e par\u00e2metros para o custeio das empresas estatais federais sobre benef\u00edcios de assist\u00eancia \u00e0 sa\u00fade aos empregados, na realidade (a resolu\u00e7\u00e3o) restringe o direito \u00e0 sa\u00fade dos empregados. \u00c9 que em v\u00e1rias dessas empresas p\u00fablicas e sociedades de economia mista foi institu\u00eddo plano de sa\u00fade para os empregados, na modalidade autogest\u00e3o, com uma determinada participa\u00e7\u00e3o financeira da empresa e dos empregados. Com a citada resolu\u00e7\u00e3o, o que se tem \u00e9 o empregador simplesmente declarando que contribuir\u00e1 a menor para o citado plano, sem qualquer tipo de compensa\u00e7\u00e3o, contrapartida ou mesmo transi\u00e7\u00e3o&#8221;, disse Rom\u00e1rio.<\/p>\n<h3><b>Limites para despesas<br \/>\n<\/b><\/h3>\n<p>O l\u00edder do governo no Senado, Fernando Bezerra Coelho (MDB-PE), foi contra o projeto relatado por Rom\u00e1rio. Ele disse que a mat\u00e9ria\u00a0traz repercuss\u00f5es importantes para as contas das empresas estatais, principalmente Caixa Econ\u00f4mica Federal, Correios, e Petrobras. &#8220;Essas empresas disp\u00f5em de instrumentos para promover assist\u00eancia \u00e0 sa\u00fade de seus servidores. Essa resolu\u00e7\u00e3o imp\u00f4s limites para que as despesas n\u00e3o excedam 8% dos encargos totais com folha de pagamento. E esse limite \u00e9 muito importante para que n\u00e3o se quebre a paridade entre o que \u00e9 custeado pelo servidor e o que \u00e9 custeado pela estatal. O que se buscou foi criar limites para que as empresas n\u00e3o sejam pressionadas e o governo n\u00e3o seja obrigado a fazer aportes&#8221;, argumentou Bezerra.<\/p>\n<p>Por outro lado, v\u00e1rios senadores apoiaram a revoga\u00e7\u00e3o dessa resolu\u00e7\u00e3o.\u00a0Jean Paul Prates (PT-RN) afirmou que o projeto &#8220;salva a autogest\u00e3o dos planos de sa\u00fade e n\u00e3o facilita o olho gordo daqueles que querem comprar as estatais na ressaca da pandemia&#8221;.<\/p>\n<p>Eduardo Braga (MDB-AM) declarou que o projeto relatado por Rom\u00e1rio faz justi\u00e7a aos trabalhadores de estatais que mant\u00eam plano de autogest\u00e3o. Otto Alencar (PSD-BA), que tamb\u00e9m defendeu o projeto, disse que a resolu\u00e7\u00e3o tinha por objetivo retirar direitos garantidos de servidores e aposentados.\u00a0 Outros senadores que defenderam a revoga\u00e7\u00e3o foram Omar Aziz (PSD-AM), Veneziano Vital do R\u00eago (MDB-PB), Nelsinho Trad (PSD-MS), Carlos Portinho (PL-RJ) e Randolfe Rodrigues (Rede-AP).<\/p>\n<p>Fonte: Ag\u00eancia Senado<\/p>\n","protected":false},"excerpt":{"rendered":"<p>O Plen\u00e1rio do Senado aprovou o Projeto de Decreto Legislativo (PDL) 342\/2021, que suspende os efeitos da\u00a0Resolu\u00e7\u00e3o 23, de 2018, do antigo Minist\u00e9rio do Planejamento, que reduzia o desembolso das estatais com os plano de sa\u00fade de autogest\u00e3o dos empregados. A aprova\u00e7\u00e3o do texto, que vai a promulga\u00e7\u00e3o, foi saudada por servidores de estatais que acompanharam a vota\u00e7\u00e3o. Segundo a [&hellip;]<\/p>\n","protected":false},"author":27,"featured_media":0,"comment_status":"open","ping_status":"closed","sticky":false,"template":"","format":"standard","meta":{"footnotes":""},"categories":[2719],"tags":[2388,619,891,1727,9,1341,98,141,19279,19277,2317,1054,19278],"class_list":["post-20580","post","type-post","status-publish","format-standard","hentry","category-servidor","tag-autogestao","tag-direitos","tag-empregados","tag-estatais","tag-executivo","tag-funcionarios","tag-governo","tag-ministerio-do-planejamento","tag-negociacoes-coletivas","tag-pdl-343-2021","tag-plano-de-saude","tag-planos-de-saude","tag-resolucao-23"],"_links":{"self":[{"href":"https:\/\/blogs.correiobraziliense.com.br\/servidor\/wp-json\/wp\/v2\/posts\/20580","targetHints":{"allow":["GET"]}}],"collection":[{"href":"https:\/\/blogs.correiobraziliense.com.br\/servidor\/wp-json\/wp\/v2\/posts"}],"about":[{"href":"https:\/\/blogs.correiobraziliense.com.br\/servidor\/wp-json\/wp\/v2\/types\/post"}],"author":[{"embeddable":true,"href":"https:\/\/blogs.correiobraziliense.com.br\/servidor\/wp-json\/wp\/v2\/users\/27"}],"replies":[{"embeddable":true,"href":"https:\/\/blogs.correiobraziliense.com.br\/servidor\/wp-json\/wp\/v2\/comments?post=20580"}],"version-history":[{"count":2,"href":"https:\/\/blogs.correiobraziliense.com.br\/servidor\/wp-json\/wp\/v2\/posts\/20580\/revisions"}],"predecessor-version":[{"id":20582,"href":"https:\/\/blogs.correiobraziliense.com.br\/servidor\/wp-json\/wp\/v2\/posts\/20580\/revisions\/20582"}],"wp:attachment":[{"href":"https:\/\/blogs.correiobraziliense.com.br\/servidor\/wp-json\/wp\/v2\/media?parent=20580"}],"wp:term":[{"taxonomy":"category","embeddable":true,"href":"https:\/\/blogs.correiobraziliense.com.br\/servidor\/wp-json\/wp\/v2\/categories?post=20580"},{"taxonomy":"post_tag","embeddable":true,"href":"https:\/\/blogs.correiobraziliense.com.br\/servidor\/wp-json\/wp\/v2\/tags?post=20580"}],"curies":[{"name":"wp","href":"https:\/\/api.w.org\/{rel}","templated":true}]}}