{"id":20550,"date":"2021-08-31T16:30:51","date_gmt":"2021-08-31T19:30:51","guid":{"rendered":"https:\/\/blogs.correiobraziliense.com.br\/servidor\/?p=20550"},"modified":"2021-08-31T16:30:51","modified_gmt":"2021-08-31T19:30:51","slug":"governo-federal-preve-concurso-para-417-mil-vagas-em-2022","status":"publish","type":"post","link":"https:\/\/blogs.correiobraziliense.com.br\/servidor\/governo-federal-preve-concurso-para-417-mil-vagas-em-2022\/","title":{"rendered":"Governo federal prev\u00ea concurso para 41,7 mil vagas, em 2022"},"content":{"rendered":"<p><em><strong>No Projeto de Lei Or\u00e7ament\u00e1ria Anual (PLOA) de 2022, que o governo enviou hoje ao Congresso Nacional, \u00faltimo dia do prazo, n\u00e3o tem verba prevista para reajuste de servidores, mas contempla preenchimentos emergenciais de cargos p\u00fablicos<\/strong><\/em><\/p>\n<p><img loading=\"lazy\" decoding=\"async\" class=\"alignright size-full wp-image-20071\" src=\"https:\/\/blogs.correiobraziliense.com.br\/servidor\/wp-content\/uploads\/sites\/10\/2021\/07\/CONCURSO.png\" alt=\"\" width=\"400\" height=\"266\" srcset=\"https:\/\/blogs.correiobraziliense.com.br\/servidor\/wp-content\/uploads\/sites\/10\/2021\/07\/CONCURSO.png 400w, https:\/\/blogs.correiobraziliense.com.br\/servidor\/wp-content\/uploads\/sites\/10\/2021\/07\/CONCURSO-300x200.png 300w, https:\/\/blogs.correiobraziliense.com.br\/servidor\/wp-content\/uploads\/sites\/10\/2021\/07\/CONCURSO-230x153.png 230w\" sizes=\"auto, (max-width: 400px) 100vw, 400px\" \/><\/p>\n<p>Ao detalhar o PLOA, t\u00e9cnicos do Tesouro Nacional, destacaram que est\u00e1 previsto concurso para 41.700 servidores. O assunto est\u00e1 sendo estudado pela Secretaria de Gest\u00e3o. \u201cTemos a previs\u00e3o de ingresso de 41.700 vagas em diversos \u00f3rg\u00e3os p\u00fablicos, nas ag\u00eancias reguladoras, no pr\u00f3prio Minist\u00e9rio da Educa\u00e7\u00e3o (MEC), em institutos e universidades federais. Isso consta no anexo V do PLOA 2022\u201d, apontou Ariosto Culau, secret\u00e1rio de Or\u00e7amento. Segundo ele, \u201ch\u00e1 a necessidade de recomposi\u00e7\u00e3o da for\u00e7a de trabalho pelo represamento da realiza\u00e7\u00e3o dos concursos nos \u00faltimos tr\u00eas anos\u201d. O PLOA 2022 tamb\u00e9m prev\u00ea recursos, no total de R$ 2 bilh\u00f5es, para o Censo Demogr\u00e1fico do IBGE, que dever\u00e1 demandar a contra\u00e7\u00e3o de m\u00e3o de obra para a \u00a0pesquisa.<\/p>\n<p>O \u00faltimo reajuste para os servidores p\u00fablicos federais foi em 2018, em tr\u00eas ou cinco parcelas, dependendo da carreira. O aumento foi dado pelo ex-presidente Michel Temer, mas j\u00e1 tinha sido autorizado pela antecessora Dilma Rousseff. Mas, para 2022, o funcionalismo ter\u00e1 que conviver sem qualquer corre\u00e7\u00e3o. \u201cN\u00e3o tem previs\u00e3o de reajuste. O or\u00e7amento j\u00e1 est\u00e1 muito apertado. Tendo algum tipo de mudan\u00e7a por conta do precat\u00f3rio, v\u00e3o ser definidas prioridades no or\u00e7amento. N\u00e3o cabe agora a gente falar nisso\u201d, enfatizou o secret\u00e1rio do Tesouro, Bruno Funchal.<\/p>\n","protected":false},"excerpt":{"rendered":"<p>No Projeto de Lei Or\u00e7ament\u00e1ria Anual (PLOA) de 2022, que o governo enviou hoje ao Congresso Nacional, \u00faltimo dia do prazo, n\u00e3o tem verba prevista para reajuste de servidores, mas contempla preenchimentos emergenciais de cargos p\u00fablicos Ao detalhar o PLOA, t\u00e9cnicos do Tesouro Nacional, destacaram que est\u00e1 previsto concurso para 41.700 servidores. O assunto est\u00e1 sendo estudado pela Secretaria de [&hellip;]<\/p>\n","protected":false},"author":27,"featured_media":0,"comment_status":"open","ping_status":"closed","sticky":false,"template":"","format":"standard","meta":{"footnotes":""},"categories":[2719],"tags":[791,13938,93,19265,19264,63,58,703],"class_list":["post-20550","post","type-post","status-publish","format-standard","hentry","category-servidor","tag-cargos","tag-cargos-publicos","tag-concurso","tag-governo-congresso-nacional","tag-ploa-2022","tag-reajuste","tag-servidores","tag-vagas"],"_links":{"self":[{"href":"https:\/\/blogs.correiobraziliense.com.br\/servidor\/wp-json\/wp\/v2\/posts\/20550","targetHints":{"allow":["GET"]}}],"collection":[{"href":"https:\/\/blogs.correiobraziliense.com.br\/servidor\/wp-json\/wp\/v2\/posts"}],"about":[{"href":"https:\/\/blogs.correiobraziliense.com.br\/servidor\/wp-json\/wp\/v2\/types\/post"}],"author":[{"embeddable":true,"href":"https:\/\/blogs.correiobraziliense.com.br\/servidor\/wp-json\/wp\/v2\/users\/27"}],"replies":[{"embeddable":true,"href":"https:\/\/blogs.correiobraziliense.com.br\/servidor\/wp-json\/wp\/v2\/comments?post=20550"}],"version-history":[{"count":1,"href":"https:\/\/blogs.correiobraziliense.com.br\/servidor\/wp-json\/wp\/v2\/posts\/20550\/revisions"}],"predecessor-version":[{"id":20551,"href":"https:\/\/blogs.correiobraziliense.com.br\/servidor\/wp-json\/wp\/v2\/posts\/20550\/revisions\/20551"}],"wp:attachment":[{"href":"https:\/\/blogs.correiobraziliense.com.br\/servidor\/wp-json\/wp\/v2\/media?parent=20550"}],"wp:term":[{"taxonomy":"category","embeddable":true,"href":"https:\/\/blogs.correiobraziliense.com.br\/servidor\/wp-json\/wp\/v2\/categories?post=20550"},{"taxonomy":"post_tag","embeddable":true,"href":"https:\/\/blogs.correiobraziliense.com.br\/servidor\/wp-json\/wp\/v2\/tags?post=20550"}],"curies":[{"name":"wp","href":"https:\/\/api.w.org\/{rel}","templated":true}]}}