{"id":20539,"date":"2021-08-30T20:50:50","date_gmt":"2021-08-30T23:50:50","guid":{"rendered":"https:\/\/blogs.correiobraziliense.com.br\/servidor\/?p=20539"},"modified":"2021-08-30T20:50:50","modified_gmt":"2021-08-30T23:50:50","slug":"receita-federal-prorroga-o-prazo-de-regularizacao-do-mei","status":"publish","type":"post","link":"https:\/\/blogs.correiobraziliense.com.br\/servidor\/receita-federal-prorroga-o-prazo-de-regularizacao-do-mei\/","title":{"rendered":"Receita Federal prorroga o prazo de regulariza\u00e7\u00e3o do MEI"},"content":{"rendered":"<p style=\"font-weight: 400\"><em><strong>D\u00edvidas dos contribuintes poder\u00e3o ser acertadas com o Le\u00e3o at\u00e9 o dia 30 de setembro\u00a0<\/strong><\/em><\/p>\n<p><img loading=\"lazy\" decoding=\"async\" class=\"size-full wp-image-20540 aligncenter\" src=\"https:\/\/blogs.correiobraziliense.com.br\/servidor\/wp-content\/uploads\/sites\/10\/2021\/08\/RECEITA-MEI-PRORROGA\u00c7\u00c3O.jpeg\" alt=\"\" width=\"768\" height=\"276\" \/><\/p>\n<p style=\"font-weight: 400\">A Receita Federal est\u00e1 prorrogou o prazo para regulariza\u00e7\u00e3o das d\u00edvidas dos Microempreendedores Individuais (MEI) &#8211; que terminaria em 31 de agosto &#8211; para 30 de setembro. Os d\u00e9bitos de 2016, que estiverem em aberto no m\u00eas de outubro, ser\u00e3o enviados \u00e0 Procuradoria Geral da Fazenda (PGFN) para inscri\u00e7\u00e3o em D\u00edvida Ativa da Uni\u00e3o.<\/p>\n<p style=\"font-weight: 400\">MEIs que possuam apenas d\u00edvidas de 2017 ou posteriores, ou tenham parcelado em 2021, n\u00e3o ter\u00e3o seus d\u00e9bitos enviados neste momento, informa a Receita.\u00a0Os d\u00e9bitos da compet\u00eancia 2016 s\u00e3o declarados pela DASN (Declara\u00e7\u00e3o Anual do MEI) de 2017.<\/p>\n<p style=\"font-weight: 400\">&#8220;\u00c9 importante ressaltar que apesar de perder diversos benef\u00edcios tribut\u00e1rios e direitos previdenci\u00e1rios, o MEI em d\u00edvida com a Receita Federal n\u00e3o tem o seu CNPJ cancelado&#8221;, ameniza o Le\u00e3o.<\/p>\n<p style=\"font-weight: 400\"><strong>Resumo:<\/strong><\/p>\n<ul style=\"font-weight: 400\">\n<li>MEI possui d\u00e9bitos de 2016: todos as d\u00edvidas ser\u00e3o enviadas \u00e0 PGFN a partir de outubro;<\/li>\n<li>MEI possui d\u00e9bitos de 2016, mas parcelou em 2021: d\u00edvidas n\u00e3o ser\u00e3o enviadas neste momento;<\/li>\n<li>MEI possui somente d\u00e9bitos de 2017 ou posteriores: d\u00edvidas n\u00e3o ser\u00e3o enviadas neste momento.<\/li>\n<\/ul>\n","protected":false},"excerpt":{"rendered":"<p>D\u00edvidas dos contribuintes poder\u00e3o ser acertadas com o Le\u00e3o at\u00e9 o dia 30 de setembro\u00a0 A Receita Federal est\u00e1 prorrogou o prazo para regulariza\u00e7\u00e3o das d\u00edvidas dos Microempreendedores Individuais (MEI) &#8211; que terminaria em 31 de agosto &#8211; para 30 de setembro. Os d\u00e9bitos de 2016, que estiverem em aberto no m\u00eas de outubro, ser\u00e3o enviados \u00e0 Procuradoria Geral da [&hellip;]<\/p>\n","protected":false},"author":27,"featured_media":0,"comment_status":"open","ping_status":"closed","sticky":false,"template":"","format":"standard","meta":{"footnotes":""},"categories":[2719],"tags":[6798,19262,1514,11963,1247,247,3124,11621,284,294],"class_list":["post-20539","post","type-post","status-publish","format-standard","hentry","category-servidor","tag-cnpj","tag-dasn","tag-debitos","tag-divida-ativa-da-uniao","tag-dividas","tag-fisco","tag-mei","tag-parcelado","tag-pgfn","tag-receita-federal"],"_links":{"self":[{"href":"https:\/\/blogs.correiobraziliense.com.br\/servidor\/wp-json\/wp\/v2\/posts\/20539","targetHints":{"allow":["GET"]}}],"collection":[{"href":"https:\/\/blogs.correiobraziliense.com.br\/servidor\/wp-json\/wp\/v2\/posts"}],"about":[{"href":"https:\/\/blogs.correiobraziliense.com.br\/servidor\/wp-json\/wp\/v2\/types\/post"}],"author":[{"embeddable":true,"href":"https:\/\/blogs.correiobraziliense.com.br\/servidor\/wp-json\/wp\/v2\/users\/27"}],"replies":[{"embeddable":true,"href":"https:\/\/blogs.correiobraziliense.com.br\/servidor\/wp-json\/wp\/v2\/comments?post=20539"}],"version-history":[{"count":1,"href":"https:\/\/blogs.correiobraziliense.com.br\/servidor\/wp-json\/wp\/v2\/posts\/20539\/revisions"}],"predecessor-version":[{"id":20541,"href":"https:\/\/blogs.correiobraziliense.com.br\/servidor\/wp-json\/wp\/v2\/posts\/20539\/revisions\/20541"}],"wp:attachment":[{"href":"https:\/\/blogs.correiobraziliense.com.br\/servidor\/wp-json\/wp\/v2\/media?parent=20539"}],"wp:term":[{"taxonomy":"category","embeddable":true,"href":"https:\/\/blogs.correiobraziliense.com.br\/servidor\/wp-json\/wp\/v2\/categories?post=20539"},{"taxonomy":"post_tag","embeddable":true,"href":"https:\/\/blogs.correiobraziliense.com.br\/servidor\/wp-json\/wp\/v2\/tags?post=20539"}],"curies":[{"name":"wp","href":"https:\/\/api.w.org\/{rel}","templated":true}]}}