{"id":20532,"date":"2021-08-30T17:28:31","date_gmt":"2021-08-30T20:28:31","guid":{"rendered":"https:\/\/blogs.correiobraziliense.com.br\/servidor\/?p=20532"},"modified":"2021-08-30T17:30:10","modified_gmt":"2021-08-30T20:30:10","slug":"apresentacao-do-relatorio-da-reforma-administrativa-adiado-para-amanha-31","status":"publish","type":"post","link":"https:\/\/blogs.correiobraziliense.com.br\/servidor\/apresentacao-do-relatorio-da-reforma-administrativa-adiado-para-amanha-31\/","title":{"rendered":"Apresenta\u00e7\u00e3o do relat\u00f3rio da reforma administrativa adiado para amanh\u00e3 (31)"},"content":{"rendered":"<p><em><strong>Not\u00edcias de t\u00e9cnicos do Congresso Nacional informam que o relator, deputado Arthur Maia (DEM-BA), da PEC 32\/2020, que define as regras da reforma administrativa, adiou mais uma vez a apresenta\u00e7\u00e3o do documento. A previs\u00e3o \u00e9 de que o texto esteja pronto amanh\u00e3, ter\u00e7a-feira, 31 de agosto<\/strong><\/em><\/p>\n<p><img loading=\"lazy\" decoding=\"async\" class=\"alignright size-full wp-image-20533\" src=\"https:\/\/blogs.correiobraziliense.com.br\/servidor\/wp-content\/uploads\/sites\/10\/2021\/08\/ADMINISTRATIVA.jpg\" alt=\"\" width=\"675\" height=\"449\" srcset=\"https:\/\/blogs.correiobraziliense.com.br\/servidor\/wp-content\/uploads\/sites\/10\/2021\/08\/ADMINISTRATIVA.jpg 675w, https:\/\/blogs.correiobraziliense.com.br\/servidor\/wp-content\/uploads\/sites\/10\/2021\/08\/ADMINISTRATIVA-300x200.jpg 300w, https:\/\/blogs.correiobraziliense.com.br\/servidor\/wp-content\/uploads\/sites\/10\/2021\/08\/ADMINISTRATIVA-550x366.jpg 550w, https:\/\/blogs.correiobraziliense.com.br\/servidor\/wp-content\/uploads\/sites\/10\/2021\/08\/ADMINISTRATIVA-230x153.jpg 230w\" sizes=\"auto, (max-width: 675px) 100vw, 675px\" \/><\/p>\n<p>De acordo com os t\u00e9cnicos, ser\u00e1 dif\u00edcil que ainda hoje, conforme foi prometido, haja tempo para Arthur Maia se reunir com governo, parlamentares e servidores e aparar as arestas. &#8220;Est\u00e3o acontecendo muitas reuni\u00f5es ou conversas de bastidores. O debate est\u00e1 acirrado. H\u00e1 quem diga que o relat\u00f3rio pode ser protocolado no final da tarde. Mas eu n\u00e3o acredito nessa hip\u00f3tese. O tempo \u00e9 muito curto&#8221;, contou uma fonte.<\/p>\n<p>Na quinta-feira (26), Maia chegou a divulgar pelo Tweeter: &#8220;Na segunda apresentarei nosso relat\u00f3rio da da PEC 32, a reforma administrativa. Trabalhei a muito para que pud\u00e9ssemos construir um texto moderno, que trouxesse elementos de gest\u00e3o de desempenho e garantisse direitos de quem j\u00e1 est\u00e1 trabalhando. Representa um avan\u00e7o para o Brasil&#8221;.<\/p>\n<p>Mas, enquanto isso, a movimenta\u00e7\u00e3o est\u00e1 grande nos bastidores. Segundo uma fonte, &#8220;como o Arthur Maia n\u00e3o disse nada at\u00e9 agora, foi decidido por parlamentares e entidades sindicais manter mobiliza\u00e7\u00e3o permanente e uma reuni\u00e3o emergencial t\u00e3o logo seja divulgado o parecer&#8221;.<\/p>\n<p>A\u00a0tend\u00eancia, como foi adiantado pelo <a href=\"https:\/\/blogs.correiobraziliense.com.br\/servidor\/reforma-administrativa-promete-mais-uma-vitoria-ao-funcionalismo\/\">Blog do Servido<\/a>r, \u00e9 de que o relat\u00f3rio tenha um conte\u00fado completamente contr\u00e1rio \u00e0s expectativas do governo, principalmente em rela\u00e7\u00e3o \u00e0 estabilidade do servidor federal e \u00e0s novas formas de contrata\u00e7\u00e3o criadas pela equipe econ\u00f4mica de Jair Bolsonaro.<\/p>\n","protected":false},"excerpt":{"rendered":"<p>Not\u00edcias de t\u00e9cnicos do Congresso Nacional informam que o relator, deputado Arthur Maia (DEM-BA), da PEC 32\/2020, que define as regras da reforma administrativa, adiou mais uma vez a apresenta\u00e7\u00e3o do documento. A previs\u00e3o \u00e9 de que o texto esteja pronto amanh\u00e3, ter\u00e7a-feira, 31 de agosto De acordo com os t\u00e9cnicos, ser\u00e1 dif\u00edcil que ainda hoje, conforme foi prometido, haja [&hellip;]<\/p>\n","protected":false},"author":27,"featured_media":0,"comment_status":"open","ping_status":"closed","sticky":false,"template":"","format":"standard","meta":{"footnotes":""},"categories":[2719],"tags":[5055,73,268,18170,15938,751,58,1260],"class_list":["post-20532","post","type-post","status-publish","format-standard","hentry","category-servidor","tag-arthur-maia","tag-entidades","tag-parlamentares","tag-pec-32-2020","tag-reforma-administrativa","tag-regras","tag-servidores","tag-sindicais"],"_links":{"self":[{"href":"https:\/\/blogs.correiobraziliense.com.br\/servidor\/wp-json\/wp\/v2\/posts\/20532","targetHints":{"allow":["GET"]}}],"collection":[{"href":"https:\/\/blogs.correiobraziliense.com.br\/servidor\/wp-json\/wp\/v2\/posts"}],"about":[{"href":"https:\/\/blogs.correiobraziliense.com.br\/servidor\/wp-json\/wp\/v2\/types\/post"}],"author":[{"embeddable":true,"href":"https:\/\/blogs.correiobraziliense.com.br\/servidor\/wp-json\/wp\/v2\/users\/27"}],"replies":[{"embeddable":true,"href":"https:\/\/blogs.correiobraziliense.com.br\/servidor\/wp-json\/wp\/v2\/comments?post=20532"}],"version-history":[{"count":2,"href":"https:\/\/blogs.correiobraziliense.com.br\/servidor\/wp-json\/wp\/v2\/posts\/20532\/revisions"}],"predecessor-version":[{"id":20536,"href":"https:\/\/blogs.correiobraziliense.com.br\/servidor\/wp-json\/wp\/v2\/posts\/20532\/revisions\/20536"}],"wp:attachment":[{"href":"https:\/\/blogs.correiobraziliense.com.br\/servidor\/wp-json\/wp\/v2\/media?parent=20532"}],"wp:term":[{"taxonomy":"category","embeddable":true,"href":"https:\/\/blogs.correiobraziliense.com.br\/servidor\/wp-json\/wp\/v2\/categories?post=20532"},{"taxonomy":"post_tag","embeddable":true,"href":"https:\/\/blogs.correiobraziliense.com.br\/servidor\/wp-json\/wp\/v2\/tags?post=20532"}],"curies":[{"name":"wp","href":"https:\/\/api.w.org\/{rel}","templated":true}]}}