{"id":20512,"date":"2021-08-26T14:24:01","date_gmt":"2021-08-26T17:24:01","guid":{"rendered":"https:\/\/blogs.correiobraziliense.com.br\/servidor\/?p=20512"},"modified":"2021-08-26T14:24:01","modified_gmt":"2021-08-26T17:24:01","slug":"18-milhao-de-meis-poderao-ser-inscritos-na-divida-ativa-do-governo","status":"publish","type":"post","link":"https:\/\/blogs.correiobraziliense.com.br\/servidor\/18-milhao-de-meis-poderao-ser-inscritos-na-divida-ativa-do-governo\/","title":{"rendered":"1,8 milh\u00e3o de MEIs poder\u00e3o ser inscritos na d\u00edvida ativa do governo."},"content":{"rendered":"<p class=\"m_7894915066834499460xxmsonormal\"><em><strong>Dados da Receita Federal apontam que o total de microempreendedores individuais (MEI) com d\u00e9bitos chega a 4,4 milh\u00f5es. Hora de ajustes de contas, para evitar\u00a0<span lang=\"PT\">cobran\u00e7a judicial e se livrar de juros e corre\u00e7\u00e3o monet\u00e1ria. Prazo termina em 31 de agosto<\/span><\/strong><\/em><u><\/u><u><\/u><\/p>\n<p><img loading=\"lazy\" decoding=\"async\" class=\"alignright size-full wp-image-20513\" src=\"https:\/\/blogs.correiobraziliense.com.br\/servidor\/wp-content\/uploads\/sites\/10\/2021\/08\/D\u00cdVIDA-ATIVA.jpg\" alt=\"\" width=\"600\" height=\"310\" \/><\/p>\n<p class=\"m_7894915066834499460xxmsonormal\"><span lang=\"PT\">Tanto o pagamento ou parcelamento das d\u00edvidas\u00a0<\/span>podem ser feitos diretamente no Portal do Simples Nacional e o app do MEI permite a emiss\u00e3o da guia para pagamento de d\u00e9bito. O microempreendedor que n\u00e3o regularizar a situa\u00e7\u00e3o, ate\u00b431 de agosto, ter\u00e7a-feira pr\u00f3xima, ser\u00e1 inscrito na d\u00edvida ativa e obrado judicialmente, com juros e outros encargos. Al\u00e9m de sofrer outras penalidades como deixar de ser segurado do INSS &#8211; perder direitos<span lang=\"PT\">\u00a0tais como aposentadoria, aux\u00edlio doen\u00e7a, dentre outros; ter seu Cadastro Nacional da Pessoa Jur\u00eddica (CNPJ) cancelado; ser exclu\u00eddo dos regimes Simples Nacional e Simei pela Receita Federal, Estados e munic\u00edpios; ter dificuldade na obten\u00e7\u00e3o de financiamentos e empr\u00e9stimos.<\/span><u><\/u><u><\/u><\/p>\n<p class=\"m_7894915066834499460xmsonormal\">Para evitar transtornos,\u00a0 explica\u00a0Elvira de Carvalho, consultora tribut\u00e1ria da King Contabilidade, o\u00a0MEI pode consultar seus d\u00e9bitos pelo site do Simples Nacional, buscando o<a href=\"https:\/\/www8.receita.fazenda.gov.br\/SimplesNacional\/Servicos\/Grupo.aspx?grp=19\" target=\"_blank\" rel=\"noopener\">\u00a0PGMEI (vers\u00e3o completa)<\/a>. \u00c9 preciso ter certificado digital ou c\u00f3digo de acesso, e selecionar a op\u00e7\u00e3o &#8220;Consulta Extrato\/Pend\u00eancias &gt; Consulta Pend\u00eancias no Simei\u201d. Esta op\u00e7\u00e3o tamb\u00e9m permite a gera\u00e7\u00e3o do DAS para pagamento. Esse documento tamb\u00e9m pode ser emitido pelo app MEI, que est\u00e1 dispon\u00edvel para celulares Android ou iOS. Lembrando que \u00e9 necess\u00e1rio pagar a <span lang=\"PT\">primeira parcela at\u00e9 31\/08\/2021.<\/span><u><\/u><u><\/u><\/p>\n<p><strong>Fique atento<\/strong><\/p>\n<p>A partir de setembro, o Fisco vai encaminhar os d\u00e9bitos \u00e0 d\u00edvida ativa. As d\u00edvidas previdenci\u00e1rias (INSS) e tributos federais s\u00e3o encaminhadas para a Procuradoria-Geral da Fazenda Nacional (PGFN), respons\u00e1vel por fazer a inscri\u00e7\u00e3o em d\u00edvida ativa da Uni\u00e3o. H\u00e1 acr\u00e9scimo de 20% a t\u00edtulo de encargos.<\/p>\n<p>As d\u00edvidas relativas a tributos municipais (ISS) e estaduais (ICMS) ser\u00e3o transferidas para o munic\u00edpios ou estado, para inscri\u00e7\u00e3o na d\u00edvida ativa daquele ente. Os acr\u00e9scimos de encargos variam de acordo com a legisla\u00e7\u00e3o de cada local.<\/p>\n<p>\u201c\u00c9 necess\u00e1rio reconhecer que governo est\u00e1 oferecendo uma \u00f3tima oportunidade para os microeempreendedores Individuais, n\u00e3o basta apenas se formalizar. \u00c9 necess\u00e1rio manter o neg\u00f3cio de forma saud\u00e1vel. Afinal, pensar em crescimento sem estar em dia com as obriga\u00e7\u00f5es tribut\u00e1rias transforma o sonho em pesadelo\u201d, comenta Elvira de Carvalho, consultora tribut\u00e1ria da King Contabilidade.<\/p>\n<p><em>Foto:\u00a0 Portal Cont\u00e1beis<\/em><\/p>\n","protected":false},"excerpt":{"rendered":"<p>Dados da Receita Federal apontam que o total de microempreendedores individuais (MEI) com d\u00e9bitos chega a 4,4 milh\u00f5es. Hora de ajustes de contas, para evitar\u00a0cobran\u00e7a judicial e se livrar de juros e corre\u00e7\u00e3o monet\u00e1ria. Prazo termina em 31 de agosto Tanto o pagamento ou parcelamento das d\u00edvidas\u00a0podem ser feitos diretamente no Portal do Simples Nacional e o app do MEI [&hellip;]<\/p>\n","protected":false},"author":27,"featured_media":0,"comment_status":"open","ping_status":"closed","sticky":false,"template":"","format":"standard","meta":{"footnotes":""},"categories":[2719],"tags":[6798,2396,7894,3914,5034,943,1312,247,1125,11,5784,1102,3124,19254,944,284,330],"class_list":["post-20512","post","type-post","status-publish","format-standard","hentry","category-servidor","tag-cnpj","tag-das","tag-divida-ativa","tag-emprestimos","tag-encargos","tag-estados","tag-financiamentos","tag-fisco","tag-icms","tag-inss","tag-iss","tag-juros","tag-mei","tag-microempreendedor","tag-municipios","tag-pgfn","tag-uniao"],"_links":{"self":[{"href":"https:\/\/blogs.correiobraziliense.com.br\/servidor\/wp-json\/wp\/v2\/posts\/20512","targetHints":{"allow":["GET"]}}],"collection":[{"href":"https:\/\/blogs.correiobraziliense.com.br\/servidor\/wp-json\/wp\/v2\/posts"}],"about":[{"href":"https:\/\/blogs.correiobraziliense.com.br\/servidor\/wp-json\/wp\/v2\/types\/post"}],"author":[{"embeddable":true,"href":"https:\/\/blogs.correiobraziliense.com.br\/servidor\/wp-json\/wp\/v2\/users\/27"}],"replies":[{"embeddable":true,"href":"https:\/\/blogs.correiobraziliense.com.br\/servidor\/wp-json\/wp\/v2\/comments?post=20512"}],"version-history":[{"count":1,"href":"https:\/\/blogs.correiobraziliense.com.br\/servidor\/wp-json\/wp\/v2\/posts\/20512\/revisions"}],"predecessor-version":[{"id":20514,"href":"https:\/\/blogs.correiobraziliense.com.br\/servidor\/wp-json\/wp\/v2\/posts\/20512\/revisions\/20514"}],"wp:attachment":[{"href":"https:\/\/blogs.correiobraziliense.com.br\/servidor\/wp-json\/wp\/v2\/media?parent=20512"}],"wp:term":[{"taxonomy":"category","embeddable":true,"href":"https:\/\/blogs.correiobraziliense.com.br\/servidor\/wp-json\/wp\/v2\/categories?post=20512"},{"taxonomy":"post_tag","embeddable":true,"href":"https:\/\/blogs.correiobraziliense.com.br\/servidor\/wp-json\/wp\/v2\/tags?post=20512"}],"curies":[{"name":"wp","href":"https:\/\/api.w.org\/{rel}","templated":true}]}}