{"id":20507,"date":"2021-08-26T09:32:05","date_gmt":"2021-08-26T12:32:05","guid":{"rendered":"https:\/\/blogs.correiobraziliense.com.br\/servidor\/?p=20507"},"modified":"2021-08-26T09:34:02","modified_gmt":"2021-08-26T12:34:02","slug":"ajufe-pede-ao-itamaraty-que-libere-vistos-humanitarios-para-juizas-afegas","status":"publish","type":"post","link":"https:\/\/blogs.correiobraziliense.com.br\/servidor\/ajufe-pede-ao-itamaraty-que-libere-vistos-humanitarios-para-juizas-afegas\/","title":{"rendered":"Ajufe pede ao Itamaraty que libere vistos humanit\u00e1rios para ju\u00edzas afeg\u00e3s"},"content":{"rendered":"<p><em><strong>S\u00e3o 270 ju\u00edzas em risco no territ\u00f3rio afeg\u00e3o por eventualmente terem julgado e condenado membros do regime Talib\u00e3. Representantes da Associa\u00e7\u00e3o Nacional dos Ju\u00edzes Federais do Brasil (Ajufe) v\u00e3o se reunir nos pr\u00f3ximos dias com o ministro das Rela\u00e7\u00f5es Exteriores, Carlos Alberto Franco Fran\u00e7a.\u00a0Encontro deve acontecer entre os dias 30 de agosto e 1\u00b0 de setembro<\/strong><\/em><\/p>\n<p><img loading=\"lazy\" decoding=\"async\" class=\"alignright size-large wp-image-20508\" src=\"https:\/\/blogs.correiobraziliense.com.br\/servidor\/wp-content\/uploads\/sites\/10\/2021\/08\/MULHERES-AFEG\u00c3ES-1024x576.jpg\" alt=\"\" width=\"1024\" height=\"576\" \/><\/p>\n<p><em>Foto: NewPangea<\/em><\/p>\n<p>A Associa\u00e7\u00e3o dos Ju\u00edzes Federais do Brasil (Ajufe) solicitou, em of\u00edcio enviado na ter\u00e7a-feira (25) ao Minist\u00e9rio de Rela\u00e7\u00f5es Exteriores, que as magistradas afeg\u00e3s sejam acolhidas no Brasil. O documento enviado ao Itamaraty manifesta a preocupa\u00e7\u00e3o\u00a0 com as 270 ju\u00edzas que ainda residem em territ\u00f3rio afeg\u00e3o e que se encontram em risco por desempenharem a fun\u00e7\u00e3o e, eventualmente, por terem julgado e condenado membros do regime Talib\u00e3, que retomou o controle do pa\u00eds.<\/p>\n<p>O documento pede que diante dos recentes epis\u00f3dios de fragiliza\u00e7\u00e3o dos direitos fundamentais das magistradas, que se veem impossibilitadas de deixar o territ\u00f3rio e podem vir a ser perseguidas, o Minist\u00e9rio das Rela\u00e7\u00f5es Exteriores as conceda visto humanit\u00e1rio dentro dos termos da Conven\u00e7\u00e3o do Estatuto dos Refugiados e, com base na Lei de migra\u00e7\u00e3o, tamb\u00e9m conceda a elas asilo no Brasil.<\/p>\n<p>A entidade enviou ainda solicita\u00e7\u00e3o para audi\u00eancia com o ministro de Rela\u00e7\u00f5es Exteriores, diplomata Carlos Alberto Franco Fran\u00e7a, para tratar da crise humanit\u00e1ria. Encontro deve acontecer entre os dias 30 de agosto e 1\u00ba de setembro.<\/p>\n<p>Segundo Eduardo Andr\u00e9 Brand\u00e3o, presidente da Ajufe, a entidade \u00e9 historicamente conhecida por defender o Estado Democr\u00e1tico de Direito, os direitos humanos e os direitos de magistradas mulheres, por meio de comiss\u00e3o direcionada ao tema (Ajufe Mulheres). \u201cEstamos fazendo interlocu\u00e7\u00e3o com o Alto Comissariado das Na\u00e7\u00f5es Unidas para os Refugiados (ACNUR), de quem somos conveniados e acreditamos que o Brasil possa exercer papel de lideran\u00e7a nesse apoio humanit\u00e1rio.\u201d<\/p>\n<p>Brand\u00e3o esclarece ainda que a tomada de poder pelo Talib\u00e3 serve de alerta para todo o mundo. \u201cEsse evento lament\u00e1vel, bem como seus desdobramentos que estamos acompanhando diariamente, apontam os perigos de democracias fr\u00e1geis e a necessidade de prote\u00e7\u00e3o e fortalecimento das institui\u00e7\u00f5es democr\u00e1ticas, seja no Oriente M\u00e9dio, no Brasil ou em qualquer democracia\u201d, afirma.<\/p>\n<p>A Ajufe tamb\u00e9m se coloca \u00e0 disposi\u00e7\u00e3o para, juntamente com o Conselho Nacional de Justi\u00e7a e demais \u00f3rg\u00e3os p\u00fablicos, formular solu\u00e7\u00f5es e pol\u00edticas de acolhida para essas mulheres.<\/p>\n","protected":false},"excerpt":{"rendered":"<p>S\u00e3o 270 ju\u00edzas em risco no territ\u00f3rio afeg\u00e3o por eventualmente terem julgado e condenado membros do regime Talib\u00e3. Representantes da Associa\u00e7\u00e3o Nacional dos Ju\u00edzes Federais do Brasil (Ajufe) v\u00e3o se reunir nos pr\u00f3ximos dias com o ministro das Rela\u00e7\u00f5es Exteriores, Carlos Alberto Franco Fran\u00e7a.\u00a0Encontro deve acontecer entre os dias 30 de agosto e 1\u00b0 de setembro Foto: NewPangea A Associa\u00e7\u00e3o [&hellip;]<\/p>\n","protected":false},"author":27,"featured_media":0,"comment_status":"open","ping_status":"closed","sticky":false,"template":"","format":"standard","meta":{"footnotes":""},"categories":[2719],"tags":[19253,19251,1405,792,7550,192,207,366,619,19000,1869,5911,5844,2149,8310,2325,19252,8858,10437],"class_list":["post-20507","post","type-post","status-publish","format-standard","hentry","category-servidor","tag-acnur","tag-afeganistao","tag-ajufe","tag-apoio","tag-asilo","tag-audiencia","tag-controle","tag-crise","tag-direitos","tag-humanitario","tag-itamaraty","tag-magistradas","tag-ministerio-de-relacoes-exteriores","tag-perseguicao","tag-refugiados","tag-regime","tag-taliba","tag-territorio","tag-visto"],"_links":{"self":[{"href":"https:\/\/blogs.correiobraziliense.com.br\/servidor\/wp-json\/wp\/v2\/posts\/20507","targetHints":{"allow":["GET"]}}],"collection":[{"href":"https:\/\/blogs.correiobraziliense.com.br\/servidor\/wp-json\/wp\/v2\/posts"}],"about":[{"href":"https:\/\/blogs.correiobraziliense.com.br\/servidor\/wp-json\/wp\/v2\/types\/post"}],"author":[{"embeddable":true,"href":"https:\/\/blogs.correiobraziliense.com.br\/servidor\/wp-json\/wp\/v2\/users\/27"}],"replies":[{"embeddable":true,"href":"https:\/\/blogs.correiobraziliense.com.br\/servidor\/wp-json\/wp\/v2\/comments?post=20507"}],"version-history":[{"count":3,"href":"https:\/\/blogs.correiobraziliense.com.br\/servidor\/wp-json\/wp\/v2\/posts\/20507\/revisions"}],"predecessor-version":[{"id":20511,"href":"https:\/\/blogs.correiobraziliense.com.br\/servidor\/wp-json\/wp\/v2\/posts\/20507\/revisions\/20511"}],"wp:attachment":[{"href":"https:\/\/blogs.correiobraziliense.com.br\/servidor\/wp-json\/wp\/v2\/media?parent=20507"}],"wp:term":[{"taxonomy":"category","embeddable":true,"href":"https:\/\/blogs.correiobraziliense.com.br\/servidor\/wp-json\/wp\/v2\/categories?post=20507"},{"taxonomy":"post_tag","embeddable":true,"href":"https:\/\/blogs.correiobraziliense.com.br\/servidor\/wp-json\/wp\/v2\/tags?post=20507"}],"curies":[{"name":"wp","href":"https:\/\/api.w.org\/{rel}","templated":true}]}}