{"id":20501,"date":"2021-08-25T16:43:16","date_gmt":"2021-08-25T19:43:16","guid":{"rendered":"https:\/\/blogs.correiobraziliense.com.br\/servidor\/?p=20501"},"modified":"2021-08-25T16:43:16","modified_gmt":"2021-08-25T19:43:16","slug":"crsfn-e-crsnsp-lancam-novos-sites-na-plataforma-gov-br","status":"publish","type":"post","link":"https:\/\/blogs.correiobraziliense.com.br\/servidor\/crsfn-e-crsnsp-lancam-novos-sites-na-plataforma-gov-br\/","title":{"rendered":"CRSFN e CRSNSP lan\u00e7am novos sites na plataforma gov.br"},"content":{"rendered":"<p><em><strong>Fus\u00e3o das secretarias executivas do CRSFN e do CRSNSP inaugura nova gest\u00e3o de comunica\u00e7\u00e3o dos colegiados, que tamb\u00e9m ganharam logomarcas.\u00a0O intuito \u00e9 proporcionar uma navega\u00e7\u00e3o intuitiva e sistematizar as informa\u00e7\u00f5es publicadas.<\/strong><\/em><\/p>\n<p>O Minist\u00e9rio da Economia informa que o Conselho de Recursos do Sistema Financeiro Nacional (<a class=\"internal-link\" href=\"https:\/\/www.gov.br\/economia\/pt-br\/orgaos\/orgaos-colegiados\/conselho-de-recursos-do-sistema-financeiro-nacional\" target=\"_blank\" rel=\"noopener\">CRSFN<\/a>) e o Conselho de Recursos do Sistema Nacional de Seguros Privados de Previd\u00eancia Aberta e de Capitaliza\u00e7\u00e3o (<a class=\"internal-link\" href=\"https:\/\/www.gov.br\/economia\/pt-br\/orgaos\/orgaos-colegiados\/conselho-de-recursos-do-sistema-nacional-de-seguros-privados-de-previdencia-aberta-e-de-capitalizacao\" target=\"_blank\" rel=\"noopener\">CRSNSP<\/a>) est\u00e3o lan\u00e7ando novos sites e logomarcas nesta quarta-feira (25\/8).<\/p>\n<p><img loading=\"lazy\" decoding=\"async\" class=\"alignright size-full wp-image-20502\" src=\"https:\/\/blogs.correiobraziliense.com.br\/servidor\/wp-content\/uploads\/sites\/10\/2021\/08\/CRSFN.png\" alt=\"\" width=\"543\" height=\"565\" \/><\/p>\n<p>Constru\u00eddas a partir das diretrizes da estrat\u00e9gia de governo digital do governo federal, as novas p\u00e1ginas trazem se\u00e7\u00f5es reformuladas. As informa\u00e7\u00f5es sobre o funcionamento dos colegiados, perfis de conselheiros e respectivos mandatos foram agrupadas no campo &#8220;Institucional&#8221; e os servi\u00e7os prestados on-line, antes dispersos, agora ficam concentrados em uma \u00fanica aba. O intuito \u00e9 proporcionar uma navega\u00e7\u00e3o intuitiva e sistematizar as informa\u00e7\u00f5es publicadas.<\/p>\n<p>A partir de agora, como forma de garantir ainda mais transpar\u00eancia e estreitar o di\u00e1logo entre administra\u00e7\u00e3o e administrado, ser\u00e3o publicadas not\u00edcias correlatas \u00e0s atividades dos colegiados com frequ\u00eancia semanal. Al\u00e9m de compartilhadas nos sites, as not\u00edcias devem ser publicadas tamb\u00e9m nas redes sociais do Minist\u00e9rio da Economia, informa a nota.<\/p>\n<p><img loading=\"lazy\" decoding=\"async\" class=\"alignright size-full wp-image-20503\" src=\"https:\/\/blogs.correiobraziliense.com.br\/servidor\/wp-content\/uploads\/sites\/10\/2021\/08\/CRSNSP.png\" alt=\"\" width=\"452\" height=\"565\" \/><\/p>\n<p>Os conselhos ganharam ainda logomarcas pr\u00f3prias. A do CRSFN, concebida nas cores azul e cinza, traz dois c\u00edrculos conc\u00eantricos vazados como representa\u00e7\u00e3o visual do consenso e transpar\u00eancia necess\u00e1rios \u00e0s decis\u00f5es deliberativas. A logomarca do CRSNSP tamb\u00e9m traz elementos circulares como s\u00edmbolos principais, mas representados por arcos que circundam o n\u00facleo principal, protegendo-o, numa alus\u00e3o ao tema das decis\u00f5es do colegiado.<\/p>\n<p>&#8220;Estamos fazendo v\u00e1rias melhorias na gest\u00e3o dos colegiados, dando continuidade ao bom trabalho realizado at\u00e9 aqui pelos que me antecederam, mas priorizamos neste primeiro momento a comunica\u00e7\u00e3o com os usu\u00e1rios e advogados\u201d, disse Adriana Toledo, que assumiu o cargo de presidente dos dois conselhos em maio.<\/p>\n<p>\u201c\u00c0 medida que criamos canais mais eficientes para informar e compartilhar dados sobre os processos e sobre as sess\u00f5es de julgamento, reduz-se a necessidade de intera\u00e7\u00e3o direta com os servidores da Secretaria Executiva, que agora atende, ao mesmo tempo, aos dois colegiados, CRSFN e CRSNSP&#8221;, acrescentou Adriana.<\/p>\n","protected":false},"excerpt":{"rendered":"<p>Fus\u00e3o das secretarias executivas do CRSFN e do CRSNSP inaugura nova gest\u00e3o de comunica\u00e7\u00e3o dos colegiados, que tamb\u00e9m ganharam logomarcas.\u00a0O intuito \u00e9 proporcionar uma navega\u00e7\u00e3o intuitiva e sistematizar as informa\u00e7\u00f5es publicadas. O Minist\u00e9rio da Economia informa que o Conselho de Recursos do Sistema Financeiro Nacional (CRSFN) e o Conselho de Recursos do Sistema Nacional de Seguros Privados de Previd\u00eancia Aberta [&hellip;]<\/p>\n","protected":false},"author":27,"featured_media":0,"comment_status":"open","ping_status":"closed","sticky":false,"template":"","format":"standard","meta":{"footnotes":""},"categories":[2719],"tags":[19250,7489,559,3253,19246,19247,315,19249,98,561,2138,19248,10293,14727],"class_list":["post-20501","post","type-post","status-publish","format-standard","hentry","category-servidor","tag-agrupados","tag-colegiados","tag-comunicacao","tag-conselhos","tag-crsfn","tag-crsnsp","tag-gestao","tag-gov-br","tag-governo","tag-informacoes","tag-institucional","tag-logomarcas","tag-mandatos","tag-navegacao"],"_links":{"self":[{"href":"https:\/\/blogs.correiobraziliense.com.br\/servidor\/wp-json\/wp\/v2\/posts\/20501","targetHints":{"allow":["GET"]}}],"collection":[{"href":"https:\/\/blogs.correiobraziliense.com.br\/servidor\/wp-json\/wp\/v2\/posts"}],"about":[{"href":"https:\/\/blogs.correiobraziliense.com.br\/servidor\/wp-json\/wp\/v2\/types\/post"}],"author":[{"embeddable":true,"href":"https:\/\/blogs.correiobraziliense.com.br\/servidor\/wp-json\/wp\/v2\/users\/27"}],"replies":[{"embeddable":true,"href":"https:\/\/blogs.correiobraziliense.com.br\/servidor\/wp-json\/wp\/v2\/comments?post=20501"}],"version-history":[{"count":1,"href":"https:\/\/blogs.correiobraziliense.com.br\/servidor\/wp-json\/wp\/v2\/posts\/20501\/revisions"}],"predecessor-version":[{"id":20504,"href":"https:\/\/blogs.correiobraziliense.com.br\/servidor\/wp-json\/wp\/v2\/posts\/20501\/revisions\/20504"}],"wp:attachment":[{"href":"https:\/\/blogs.correiobraziliense.com.br\/servidor\/wp-json\/wp\/v2\/media?parent=20501"}],"wp:term":[{"taxonomy":"category","embeddable":true,"href":"https:\/\/blogs.correiobraziliense.com.br\/servidor\/wp-json\/wp\/v2\/categories?post=20501"},{"taxonomy":"post_tag","embeddable":true,"href":"https:\/\/blogs.correiobraziliense.com.br\/servidor\/wp-json\/wp\/v2\/tags?post=20501"}],"curies":[{"name":"wp","href":"https:\/\/api.w.org\/{rel}","templated":true}]}}