{"id":20486,"date":"2021-08-24T14:53:17","date_gmt":"2021-08-24T17:53:17","guid":{"rendered":"https:\/\/blogs.correiobraziliense.com.br\/servidor\/?p=20486"},"modified":"2021-08-24T14:53:17","modified_gmt":"2021-08-24T17:53:17","slug":"sinpol-df-cobra-do-gdf-o-mesmo-empenho-com-pms-e-bombeiros","status":"publish","type":"post","link":"https:\/\/blogs.correiobraziliense.com.br\/servidor\/sinpol-df-cobra-do-gdf-o-mesmo-empenho-com-pms-e-bombeiros\/","title":{"rendered":"Sinpol-DF cobra do GDF o mesmo empenho com PMs e bombeiros"},"content":{"rendered":"<p><em><strong>O governador Ibaneis Rocha assinou, hoje, um decreto com a redu\u00e7\u00e3o do interst\u00edcio \u2013 intervalo de promo\u00e7\u00e3o de uma patente para outra \u2013 de policiais militares e bombeiros do GDF.\u00a0A medida reestrutura carreiras e antecipa a promo\u00e7\u00e3o de 2.495 oficiais e pra\u00e7as da PMDF e de bombeiros.\u00a0O impacto financeiro ser\u00e1 de R$ 9 milh\u00f5es em 2021 e saltar\u00e1 para R$ 12 milh\u00f5es, em 2022. Policiais civis do DF querem tratamento semelhante<\/strong><\/em><\/p>\n<p><img loading=\"lazy\" decoding=\"async\" class=\"alignright size-full wp-image-19220\" src=\"https:\/\/blogs.correiobraziliense.com.br\/servidor\/wp-content\/uploads\/sites\/10\/2021\/03\/POLICIAIS-DIAP.jpg\" alt=\"\" width=\"800\" height=\"498\" srcset=\"https:\/\/blogs.correiobraziliense.com.br\/servidor\/wp-content\/uploads\/sites\/10\/2021\/03\/POLICIAIS-DIAP.jpg 800w, https:\/\/blogs.correiobraziliense.com.br\/servidor\/wp-content\/uploads\/sites\/10\/2021\/03\/POLICIAIS-DIAP-300x187.jpg 300w, https:\/\/blogs.correiobraziliense.com.br\/servidor\/wp-content\/uploads\/sites\/10\/2021\/03\/POLICIAIS-DIAP-768x478.jpg 768w, https:\/\/blogs.correiobraziliense.com.br\/servidor\/wp-content\/uploads\/sites\/10\/2021\/03\/POLICIAIS-DIAP-550x342.jpg 550w, https:\/\/blogs.correiobraziliense.com.br\/servidor\/wp-content\/uploads\/sites\/10\/2021\/03\/POLICIAIS-DIAP-230x143.jpg 230w\" sizes=\"auto, (max-width: 800px) 100vw, 800px\" \/><\/p>\n<p>Por meio de nota, o\u00a0Sindicato dos Policiais Civis do Distrito Federal (Sinpol-DF) destaca que a categoria igualmente quer apoio em pautas hist\u00f3ricas, como paridade remunerat\u00f3ria com a Pol\u00edcia Federal, entre outras demandas.\u00a0 &#8216;Os policiais civis do DF possuem, atualmente, a pior previd\u00eancia da Seguran\u00e7a P\u00fablica. A deturpa\u00e7\u00e3o fica evidente, por exemplo, quando se analisa a concess\u00e3o da pens\u00e3o por morte no exerc\u00edcio da fun\u00e7\u00e3o: enquanto para os militares ela \u00e9 de 100%, para os civis \u00e9 de um valor que corresponde a 50% da m\u00e9dia de contribui\u00e7\u00f5es previdenci\u00e1rias \u2013 fora de servi\u00e7o ela \u00e9 ainda pior&#8221;, reclama o sindicato.<\/p>\n<p>Veja a nota:<\/p>\n<p>&#8220;O Sindicato dos Policiais Civis do Distrito Federal (Sinpol-DF) cumprimenta os policiais e bombeiros militares pela publica\u00e7\u00e3o, nesta ter\u00e7a, 24, do decreto do Governo do DF (GDF) que reduz o interst\u00edcio da Pol\u00edcia Militar do DF (PMDF) e do Corpo de Bombeiros Militar do DF (CBMDF).<\/p>\n<p>A medida \u00e9 uma conquista importante e justa, que beneficiar\u00e1 2.495 pra\u00e7as e oficiais.<\/p>\n<p>Assim como parabeniza aquela categoria, o Sinpol-DF cobra publicamente do GDF o mesmo empenho em solucionar as distor\u00e7\u00f5es existentes entre as duas corpora\u00e7\u00f5es.<\/p>\n<p>H\u00e1 muito, os policiais civis do DF aguardam a execu\u00e7\u00e3o de demandas que poderiam equilibrar o tratamento dispensado \u00e0s duas categorias \u2013 hoje, contudo, o cen\u00e1rio \u00e9 de completa assimetria.<\/p>\n<p>A principal delas est\u00e1 relacionada \u00e0 remunera\u00e7\u00e3o: a paridade com a Pol\u00edcia Federal ainda n\u00e3o foi equacionada, uma vez que, at\u00e9 o momento, apenas uma parte dela foi concedida.<\/p>\n<p>Os policiais civis do DF possuem, atualmente, a pior previd\u00eancia da Seguran\u00e7a P\u00fablica. A deturpa\u00e7\u00e3o fica evidente, por exemplo, quando se analisa a concess\u00e3o da pens\u00e3o por morte no exerc\u00edcio da fun\u00e7\u00e3o: enquanto para os militares ela \u00e9 de 100%, para os civis \u00e9 de um valor que corresponde a 50% da m\u00e9dia de contribui\u00e7\u00f5es previdenci\u00e1rias \u2013 fora de servi\u00e7o ela \u00e9 ainda pior.<\/p>\n<p>Para se aposentar, um policial civil ter\u00e1 de trabalhar por muito mais tempo do que os militares. A contribui\u00e7\u00e3o previdenci\u00e1ria dos civis, hoje, \u00e9 muito maior do que a dos militares \u2013 e, por falar em descontos, os servidores da PCDF tamb\u00e9m pagam mais Imposto de Renda.<\/p>\n<p>Quando observamos os aux\u00edlios alimenta\u00e7\u00e3o, moradia e uniforme, h\u00e1 outra assimetria grave: enquanto no primeiro, os PMs recebem um valor 85% a mais (o aux\u00edlio-alimenta\u00e7\u00e3o deles \u00e9 de R$ 850 e o dos policiais civis, R$ 458), os outros dois sequer existem no \u00e2mbito da PCDF \u2013 e a corpora\u00e7\u00e3o exige o uso de uniforme dos policiais civis.<\/p>\n<p>Tamb\u00e9m diferentemente dos policiais e bombeiros militares, a categoria policial civil do DF n\u00e3o disp\u00f5e de uma escola pr\u00f3pria para os filhos.<\/p>\n<p>Enquanto estamos, por meio da luta sindical, batalhando arduamente pela implanta\u00e7\u00e3o de uma pol\u00edtica de assist\u00eancia \u00e0 sa\u00fade custeada pelo Fundo Constitucional no \u00e2mbito da PCDF, PM e Corpo de Bombeiros j\u00e1 disp\u00f5em, h\u00e1 anos, de um plano de sa\u00fade pr\u00f3prio.<\/p>\n<p>Enquanto os policiais militares recebem, anualmente, R$ 250 milh\u00f5es para a assist\u00eancia \u00e0 sa\u00fade, a Pol\u00edcia Civil n\u00e3o chega a ter dispon\u00edveis nem 5% desse montante: no \u00faltimo ano, foram R$ 10 milh\u00f5es. E a fonte desses recursos para a Seguran\u00e7a P\u00fablica \u00e9 a mesma.<\/p>\n<p>Contudo, a despeito de toda essa conjuntura apresentada e ao custo da sa\u00fade f\u00edsica e mental, os policiais civis do DF t\u00eam apresentado \u00edndices alt\u00edssimos de solu\u00e7\u00e3o dos crimes. Enquanto o d\u00e9ficit do efetivo ultrapassa os 60%, a resolu\u00e7\u00e3o dos homic\u00eddios chegou a 92% (no caso dos feminic\u00eddios, a taxa de crimes desvendados tamb\u00e9m \u00e9 superior a 90%).<\/p>\n<p>Reiteramos, portanto, que estamos buscando um tratamento justo e igualit\u00e1rio \u2013 al\u00e9m do mesmo empenho por parte do GDF para que possamos destravar essas reivindica\u00e7\u00f5es. Da nossa parte, ainda h\u00e1 disposi\u00e7\u00e3o para manter a Seguran\u00e7a P\u00fablica da capital do pa\u00eds operando plenamente.&#8221;<\/p>\n","protected":false},"excerpt":{"rendered":"<p>O governador Ibaneis Rocha assinou, hoje, um decreto com a redu\u00e7\u00e3o do interst\u00edcio \u2013 intervalo de promo\u00e7\u00e3o de uma patente para outra \u2013 de policiais militares e bombeiros do GDF.\u00a0A medida reestrutura carreiras e antecipa a promo\u00e7\u00e3o de 2.495 oficiais e pra\u00e7as da PMDF e de bombeiros.\u00a0O impacto financeiro ser\u00e1 de R$ 9 milh\u00f5es em 2021 e saltar\u00e1 para R$ [&hellip;]<\/p>\n","protected":false},"author":27,"featured_media":0,"comment_status":"open","ping_status":"closed","sticky":false,"template":"","format":"standard","meta":{"footnotes":""},"categories":[2719],"tags":[1165,188,833,19242,2439,1505,4701,1717,4594,110,10177,996,1376,1559],"class_list":["post-20486","post","type-post","status-publish","format-standard","hentry","category-servidor","tag-bombeiros","tag-carreira","tag-impacto","tag-intersticio","tag-oficiais","tag-paridade","tag-patente","tag-pcdf","tag-pms","tag-policiais","tag-pracas","tag-promocao","tag-reestruturacao","tag-remuneratoria"],"_links":{"self":[{"href":"https:\/\/blogs.correiobraziliense.com.br\/servidor\/wp-json\/wp\/v2\/posts\/20486","targetHints":{"allow":["GET"]}}],"collection":[{"href":"https:\/\/blogs.correiobraziliense.com.br\/servidor\/wp-json\/wp\/v2\/posts"}],"about":[{"href":"https:\/\/blogs.correiobraziliense.com.br\/servidor\/wp-json\/wp\/v2\/types\/post"}],"author":[{"embeddable":true,"href":"https:\/\/blogs.correiobraziliense.com.br\/servidor\/wp-json\/wp\/v2\/users\/27"}],"replies":[{"embeddable":true,"href":"https:\/\/blogs.correiobraziliense.com.br\/servidor\/wp-json\/wp\/v2\/comments?post=20486"}],"version-history":[{"count":1,"href":"https:\/\/blogs.correiobraziliense.com.br\/servidor\/wp-json\/wp\/v2\/posts\/20486\/revisions"}],"predecessor-version":[{"id":20487,"href":"https:\/\/blogs.correiobraziliense.com.br\/servidor\/wp-json\/wp\/v2\/posts\/20486\/revisions\/20487"}],"wp:attachment":[{"href":"https:\/\/blogs.correiobraziliense.com.br\/servidor\/wp-json\/wp\/v2\/media?parent=20486"}],"wp:term":[{"taxonomy":"category","embeddable":true,"href":"https:\/\/blogs.correiobraziliense.com.br\/servidor\/wp-json\/wp\/v2\/categories?post=20486"},{"taxonomy":"post_tag","embeddable":true,"href":"https:\/\/blogs.correiobraziliense.com.br\/servidor\/wp-json\/wp\/v2\/tags?post=20486"}],"curies":[{"name":"wp","href":"https:\/\/api.w.org\/{rel}","templated":true}]}}