{"id":2047,"date":"2016-06-24T14:54:19","date_gmt":"2016-06-24T17:54:19","guid":{"rendered":"https:\/\/blogs.correiobraziliense.com.br\/servidor\/?p=2047"},"modified":"2016-06-24T14:54:19","modified_gmt":"2016-06-24T17:54:19","slug":"anfip-faz-balanco-da-semana-e-prepara-proximas-acoes","status":"publish","type":"post","link":"https:\/\/blogs.correiobraziliense.com.br\/servidor\/anfip-faz-balanco-da-semana-e-prepara-proximas-acoes\/","title":{"rendered":"Anfip faz balan\u00e7o da semana e prepara pr\u00f3ximas a\u00e7\u00f5es"},"content":{"rendered":"<p style=\"text-align: left\" align=\"center\"><em>Declararam como priorit\u00e1rios o contato com parlamentares e a defesa do reajuste salarial com garantia de paridade entre ativos, aposentados e pensionistas<\/em><\/p>\n<p style=\"text-align: left\" align=\"center\">Dirigentes da Associa\u00e7\u00e3o Nacional dos Auditores Fiscais da Receita Federal (Anfip) se reuniram ontem para avaliar o trabalho parlamentar ao longo da semana, com o objetivo de discutir estrat\u00e9gias de atua\u00e7\u00e3o no Congresso Nacional e perante os parlamentares. A ideia \u00e9 redobrar o contato com os deputados e os senadores, inclusive nos estados, em conjunto com as representa\u00e7\u00f5es regionais.<\/p>\n<p style=\"text-align: left\" align=\"center\">Outro ponto que os vice-presidentes avaliaram como priorit\u00e1rio \u00e9 a defesa do reajuste salarial dos Auditores Fiscais da Receita Federal do Brasil, com a garantia da paridade entre ativos, aposentados e pensionistas. \u201cA luta pela paridade sempre foi um compromisso da ANFIP e vamos continuar defendendo um projeto de lei que contemple esse direito constitucional\u201d, disse a vice-presidente Executiva, Carmelina Calabrese.<\/p>\n","protected":false},"excerpt":{"rendered":"<p>Declararam como priorit\u00e1rios o contato com parlamentares e a defesa do reajuste salarial com garantia de paridade entre ativos, aposentados e pensionistas Dirigentes da Associa\u00e7\u00e3o Nacional dos Auditores Fiscais da Receita Federal (Anfip) se reuniram ontem para avaliar o trabalho parlamentar ao longo da semana, com o objetivo de discutir estrat\u00e9gias de atua\u00e7\u00e3o no Congresso Nacional e perante os parlamentares. [&hellip;]<\/p>\n","protected":false},"author":27,"featured_media":0,"comment_status":"open","ping_status":"closed","sticky":false,"template":"","format":"standard","meta":{"footnotes":""},"categories":[1],"tags":[203,771,345,2515,202,2514,1466,1505,268,871,2513,2512,2511],"class_list":["post-2047","post","type-post","status-publish","format-standard","hentry","category-sem-categoria","tag-acoes","tag-anfip","tag-aposentados","tag-ativo","tag-balanco","tag-contato","tag-garantia","tag-paridade","tag-parlamentares","tag-prepara","tag-prioritarios","tag-proximas","tag-seman"],"_links":{"self":[{"href":"https:\/\/blogs.correiobraziliense.com.br\/servidor\/wp-json\/wp\/v2\/posts\/2047","targetHints":{"allow":["GET"]}}],"collection":[{"href":"https:\/\/blogs.correiobraziliense.com.br\/servidor\/wp-json\/wp\/v2\/posts"}],"about":[{"href":"https:\/\/blogs.correiobraziliense.com.br\/servidor\/wp-json\/wp\/v2\/types\/post"}],"author":[{"embeddable":true,"href":"https:\/\/blogs.correiobraziliense.com.br\/servidor\/wp-json\/wp\/v2\/users\/27"}],"replies":[{"embeddable":true,"href":"https:\/\/blogs.correiobraziliense.com.br\/servidor\/wp-json\/wp\/v2\/comments?post=2047"}],"version-history":[{"count":1,"href":"https:\/\/blogs.correiobraziliense.com.br\/servidor\/wp-json\/wp\/v2\/posts\/2047\/revisions"}],"predecessor-version":[{"id":2048,"href":"https:\/\/blogs.correiobraziliense.com.br\/servidor\/wp-json\/wp\/v2\/posts\/2047\/revisions\/2048"}],"wp:attachment":[{"href":"https:\/\/blogs.correiobraziliense.com.br\/servidor\/wp-json\/wp\/v2\/media?parent=2047"}],"wp:term":[{"taxonomy":"category","embeddable":true,"href":"https:\/\/blogs.correiobraziliense.com.br\/servidor\/wp-json\/wp\/v2\/categories?post=2047"},{"taxonomy":"post_tag","embeddable":true,"href":"https:\/\/blogs.correiobraziliense.com.br\/servidor\/wp-json\/wp\/v2\/tags?post=2047"}],"curies":[{"name":"wp","href":"https:\/\/api.w.org\/{rel}","templated":true}]}}