{"id":20459,"date":"2021-08-23T17:11:09","date_gmt":"2021-08-23T20:11:09","guid":{"rendered":"https:\/\/blogs.correiobraziliense.com.br\/servidor\/?p=20459"},"modified":"2021-08-23T17:54:50","modified_gmt":"2021-08-23T20:54:50","slug":"ministerio-da-economia-contrata-terceirizados-em-brasilia","status":"publish","type":"post","link":"https:\/\/blogs.correiobraziliense.com.br\/servidor\/ministerio-da-economia-contrata-terceirizados-em-brasilia\/","title":{"rendered":"Minist\u00e9rio da Economia contrata terceirizados, em Bras\u00edlia"},"content":{"rendered":"<p><em><strong>De acordo com o \u00f3rg\u00e3o, a contrata\u00e7\u00e3o de pessoal terceirizado \u00e9 para vagas j\u00e1 existentes e deve resultar em uma economia de cerca de R$ 200 milh\u00f5es ao ano e cerca de R$ 1 bilh\u00e3o, em cinco anos. O que mudou foi o modelo de contrata\u00e7\u00e3o, agora centralizado<\/strong><\/em><\/p>\n<p><img loading=\"lazy\" decoding=\"async\" class=\"alignright size-full wp-image-20460\" src=\"https:\/\/blogs.correiobraziliense.com.br\/servidor\/wp-content\/uploads\/sites\/10\/2021\/08\/Terceirizados-1.jpg\" alt=\"\" width=\"487\" height=\"210\" srcset=\"https:\/\/blogs.correiobraziliense.com.br\/servidor\/wp-content\/uploads\/sites\/10\/2021\/08\/Terceirizados-1.jpg 487w, https:\/\/blogs.correiobraziliense.com.br\/servidor\/wp-content\/uploads\/sites\/10\/2021\/08\/Terceirizados-1-300x129.jpg 300w, https:\/\/blogs.correiobraziliense.com.br\/servidor\/wp-content\/uploads\/sites\/10\/2021\/08\/Terceirizados-1-230x99.jpg 230w\" sizes=\"auto, (max-width: 487px) 100vw, 487px\" \/><\/p>\n<p>Minist\u00e9rio da Economia (ME) publicou na \u00faltima sexta-feira (20\/8), no Di\u00e1rio Oficial da Uni\u00e3o (DOU), o resultado do Preg\u00e3o n\u00ba 10\/2020 para contrata\u00e7\u00e3o centralizada de servi\u00e7os de apoio administrativo, recep\u00e7\u00e3o e secretariado no Distrito Federal. Participaram do processo licitat\u00f3rio 49 \u00f3rg\u00e3os e entidades federais. Com a medida, o governo federal espera economizar cerca de R$ 200 milh\u00f5es por ano. Como existe a possibilidade de prorroga\u00e7\u00e3o contratual por at\u00e9 cinco anos, a economia poder\u00e1 chegar perto de R$ 1 bilh\u00e3o nesse per\u00edodo.<\/p>\n<p>Cerca de 10,5 mil colaboradores terceirizados poder\u00e3o ser alocados para cargos como auxiliar e assistente administrativo, recepcionista, secret\u00e1rio-executivo e t\u00e9cnico em secretariado. Esses postos j\u00e1 existem e os servi\u00e7os j\u00e1 s\u00e3o executados atualmente, n\u00e3o se tratando, portanto, de novos gastos. O que muda \u00e9 o modelo de contrata\u00e7\u00e3o, que passa a ser feito de forma centralizada. Al\u00e9m dos profissionais a serem alocados, as empresas vencedoras tamb\u00e9m devem oferecer solu\u00e7\u00e3o tecnol\u00f3gica para apoiar a gest\u00e3o e fiscaliza\u00e7\u00e3o contratual, por meio de ferramenta web e aplicativo mobile, aos \u00f3rg\u00e3os e entidades contratantes.<\/p>\n<p>\u00d3rg\u00e3os e entidades participantes da licita\u00e7\u00e3o poder\u00e3o celebrar os contratos a partir da assinatura das atas de registro de pre\u00e7os, o que ocorrer\u00e1 nos pr\u00f3ximos dias. A economia com esse modelo de contrata\u00e7\u00e3o centralizada se d\u00e1 n\u00e3o s\u00f3 pelo ganho de escala, mas tamb\u00e9m ao evitar repeti\u00e7\u00e3o de processos para contrata\u00e7\u00e3o de itens comuns a todos. Permite, ainda, padronizar requisitos dos cargos, o que gera maior efetividade na gest\u00e3o e na fiscaliza\u00e7\u00e3o dos contratos. &#8220;O trabalho do ME modernizou toda a aloca\u00e7\u00e3o de terceirizados. Antes, existiam 36 cargos para esse tipo de servi\u00e7o e agora esse n\u00famero foi reduzido para sete&#8221;, informa o minist\u00e9rio.<\/p>\n<p>Nove empresas venceram a licita\u00e7\u00e3o, que foi dividida em lotes. S\u00e3o elas: Criart Servi\u00e7os de Terceiriza\u00e7\u00e3o de M\u00e3o de Obra; Defender Conserva\u00e7\u00e3o e Limpeza Eireli; Fortaleza Servi\u00e7os Empresariais Eireli; G&amp;E Servi\u00e7os Terceirizados Ltda.; JMT Servi\u00e7os de Loca\u00e7\u00e3o de M\u00e3o de Obra Ltda.; MG Terceiriza\u00e7\u00e3o de Servi\u00e7os Ltda.; Plansul Planejamento Consultoria Eireli; R7 Facilities Servi\u00e7os de Engenharia Eireli; e RCS Tecnologia Ltda.<\/p>\n<p><em>Ilustra\u00e7\u00e3o: Sindipetro-RJ<\/em><\/p>\n","protected":false},"excerpt":{"rendered":"<p>De acordo com o \u00f3rg\u00e3o, a contrata\u00e7\u00e3o de pessoal terceirizado \u00e9 para vagas j\u00e1 existentes e deve resultar em uma economia de cerca de R$ 200 milh\u00f5es ao ano e cerca de R$ 1 bilh\u00e3o, em cinco anos. O que mudou foi o modelo de contrata\u00e7\u00e3o, agora centralizado Minist\u00e9rio da Economia (ME) publicou na \u00faltima sexta-feira (20\/8), no Di\u00e1rio Oficial [&hellip;]<\/p>\n","protected":false},"author":27,"featured_media":0,"comment_status":"open","ping_status":"closed","sticky":false,"template":"","format":"standard","meta":{"footnotes":""},"categories":[2719],"tags":[19233,791,19234,433,1769,8202,1169,98,3704,14327,565,18137,18138,1379,1090],"class_list":["post-20459","post","type-post","status-publish","format-standard","hentry","category-servidor","tag-apoio-administrativo","tag-cargos","tag-centralizado","tag-distrito-federal","tag-dou","tag-economizar","tag-gastos","tag-governo","tag-licitacao","tag-ministerio-da-economia","tag-modelo","tag-recepcao","tag-secretariado","tag-servicos","tag-terceirizados"],"_links":{"self":[{"href":"https:\/\/blogs.correiobraziliense.com.br\/servidor\/wp-json\/wp\/v2\/posts\/20459","targetHints":{"allow":["GET"]}}],"collection":[{"href":"https:\/\/blogs.correiobraziliense.com.br\/servidor\/wp-json\/wp\/v2\/posts"}],"about":[{"href":"https:\/\/blogs.correiobraziliense.com.br\/servidor\/wp-json\/wp\/v2\/types\/post"}],"author":[{"embeddable":true,"href":"https:\/\/blogs.correiobraziliense.com.br\/servidor\/wp-json\/wp\/v2\/users\/27"}],"replies":[{"embeddable":true,"href":"https:\/\/blogs.correiobraziliense.com.br\/servidor\/wp-json\/wp\/v2\/comments?post=20459"}],"version-history":[{"count":2,"href":"https:\/\/blogs.correiobraziliense.com.br\/servidor\/wp-json\/wp\/v2\/posts\/20459\/revisions"}],"predecessor-version":[{"id":20462,"href":"https:\/\/blogs.correiobraziliense.com.br\/servidor\/wp-json\/wp\/v2\/posts\/20459\/revisions\/20462"}],"wp:attachment":[{"href":"https:\/\/blogs.correiobraziliense.com.br\/servidor\/wp-json\/wp\/v2\/media?parent=20459"}],"wp:term":[{"taxonomy":"category","embeddable":true,"href":"https:\/\/blogs.correiobraziliense.com.br\/servidor\/wp-json\/wp\/v2\/categories?post=20459"},{"taxonomy":"post_tag","embeddable":true,"href":"https:\/\/blogs.correiobraziliense.com.br\/servidor\/wp-json\/wp\/v2\/tags?post=20459"}],"curies":[{"name":"wp","href":"https:\/\/api.w.org\/{rel}","templated":true}]}}