{"id":2045,"date":"2016-06-24T14:43:03","date_gmt":"2016-06-24T17:43:03","guid":{"rendered":"https:\/\/blogs.correiobraziliense.com.br\/servidor\/?p=2045"},"modified":"2016-06-24T14:43:03","modified_gmt":"2016-06-24T17:43:03","slug":"ministerio-da-fazenda-comenta-resultado-do-plebiscito-no-reino-unido","status":"publish","type":"post","link":"https:\/\/blogs.correiobraziliense.com.br\/servidor\/ministerio-da-fazenda-comenta-resultado-do-plebiscito-no-reino-unido\/","title":{"rendered":"Minist\u00e9rio da Fazenda comenta resultado do plebiscito no Reino Unido"},"content":{"rendered":"<p><i>Situa\u00e7\u00e3o do Brasil \u00e9 s\u00f3lida pois fundamentos s\u00e3o robustos<\/i>, garante minist\u00e9rio<\/p>\n<p>Por meio de nota, o Minist\u00e9rio da Fazenda informou que a\u00a0 situa\u00e7\u00e3o do Brasil \u00e9 de solidez e seguran\u00e7a porque os fundamentos s\u00e3o robustos.<\/p>\n<p>O pa\u00eds tem expressivo volume de reservas internacionais e o ingresso de investimento direto estrangeiro tem sido suficiente para financiar as transa\u00e7\u00f5es correntes.<\/p>\n<p>&#8220;As condi\u00e7\u00f5es de financiamento da d\u00edvida p\u00fablica brasileira permanecem s\u00f3lidas neste momento de volatilidade nos mercados financeiros em fun\u00e7\u00e3o de eventos externos.<\/p>\n<p>O Tesouro Nacional conta com amplo colch\u00e3o de liquidez. A d\u00edvida p\u00fablica federal \u00e9 composta majoritariamente de t\u00edtulos denominados em reais<\/p>\n<p>Al\u00e9m disso, o governo anunciou medidas fiscais estruturantes de longo prazo.<\/p>\n<p>A recente melhora nos indicadores de confian\u00e7a e na percep\u00e7\u00e3o de risco do pa\u00eds reflete essas a\u00e7\u00f5es.<\/p>\n<p>Nesse contexto, o Brasil est\u00e1 preparado para atravessar com seguran\u00e7a per\u00edodos de instabilidade externa&#8221;.<\/p>\n<p>Assina a nota a Assessoria de Comunica\u00e7\u00e3o Social do Minist\u00e9rio da Fazenda.<\/p>\n","protected":false},"excerpt":{"rendered":"<p>Situa\u00e7\u00e3o do Brasil \u00e9 s\u00f3lida pois fundamentos s\u00e3o robustos, garante minist\u00e9rio Por meio de nota, o Minist\u00e9rio da Fazenda informou que a\u00a0 situa\u00e7\u00e3o do Brasil \u00e9 de solidez e seguran\u00e7a porque os fundamentos s\u00e3o robustos. O pa\u00eds tem expressivo volume de reservas internacionais e o ingresso de investimento direto estrangeiro tem sido suficiente para financiar as transa\u00e7\u00f5es correntes. &#8220;As condi\u00e7\u00f5es [&hellip;]<\/p>\n","protected":false},"author":27,"featured_media":0,"comment_status":"open","ping_status":"closed","sticky":false,"template":"","format":"standard","meta":{"footnotes":""},"categories":[1],"tags":[2507,810,2509,2510,2508],"class_list":["post-2045","post","type-post","status-publish","format-standard","hentry","category-sem-categoria","tag-comenta","tag-ministerio-da-fazenda","tag-plebiscito","tag-reino-unido","tag-resultado"],"_links":{"self":[{"href":"https:\/\/blogs.correiobraziliense.com.br\/servidor\/wp-json\/wp\/v2\/posts\/2045","targetHints":{"allow":["GET"]}}],"collection":[{"href":"https:\/\/blogs.correiobraziliense.com.br\/servidor\/wp-json\/wp\/v2\/posts"}],"about":[{"href":"https:\/\/blogs.correiobraziliense.com.br\/servidor\/wp-json\/wp\/v2\/types\/post"}],"author":[{"embeddable":true,"href":"https:\/\/blogs.correiobraziliense.com.br\/servidor\/wp-json\/wp\/v2\/users\/27"}],"replies":[{"embeddable":true,"href":"https:\/\/blogs.correiobraziliense.com.br\/servidor\/wp-json\/wp\/v2\/comments?post=2045"}],"version-history":[{"count":1,"href":"https:\/\/blogs.correiobraziliense.com.br\/servidor\/wp-json\/wp\/v2\/posts\/2045\/revisions"}],"predecessor-version":[{"id":2046,"href":"https:\/\/blogs.correiobraziliense.com.br\/servidor\/wp-json\/wp\/v2\/posts\/2045\/revisions\/2046"}],"wp:attachment":[{"href":"https:\/\/blogs.correiobraziliense.com.br\/servidor\/wp-json\/wp\/v2\/media?parent=2045"}],"wp:term":[{"taxonomy":"category","embeddable":true,"href":"https:\/\/blogs.correiobraziliense.com.br\/servidor\/wp-json\/wp\/v2\/categories?post=2045"},{"taxonomy":"post_tag","embeddable":true,"href":"https:\/\/blogs.correiobraziliense.com.br\/servidor\/wp-json\/wp\/v2\/tags?post=2045"}],"curies":[{"name":"wp","href":"https:\/\/api.w.org\/{rel}","templated":true}]}}