{"id":20439,"date":"2021-08-19T21:01:13","date_gmt":"2021-08-20T00:01:13","guid":{"rendered":"https:\/\/blogs.correiobraziliense.com.br\/servidor\/?p=20439"},"modified":"2021-08-19T21:01:38","modified_gmt":"2021-08-20T00:01:38","slug":"pec-32-2020-razoes-para-derrota-la","status":"publish","type":"post","link":"https:\/\/blogs.correiobraziliense.com.br\/servidor\/pec-32-2020-razoes-para-derrota-la\/","title":{"rendered":"PEC 32\/2020 &#8211; Raz\u00f5es para derrot\u00e1-la"},"content":{"rendered":"<p><em><strong>Em nota t\u00e9cnica, os economista\u00a0Jos\u00e9 Celso Cardoso Jr., presidente da Afipea, e Regina Coeli Moreira Camargos, do Dieese, explicam os motivos pelos quais a reforma administrativa (PEC 32\/2020) n\u00e3o deve ser aprovada<\/strong><\/em><\/p>\n<p><img loading=\"lazy\" decoding=\"async\" class=\"size-full wp-image-20440 aligncenter\" src=\"https:\/\/blogs.correiobraziliense.com.br\/servidor\/wp-content\/uploads\/sites\/10\/2021\/08\/NOTA-T\u00c9CNICA-AFIPEA.png\" alt=\"\" width=\"760\" height=\"410\" \/><\/p>\n<p>&#8220;Diante do vendaval de fake news e amea\u00e7as aos servidores p\u00fablicos propagados pelo governo\u00a0Bolsonaro\/Guedes e defensores, acerca das supostas \u2013 e irreais \u2013 vantagens da PEC 32\/2020, resolvemos mapear evid\u00eancias acerca dos impactos de reformas administrativas de mesma\u00a0inspira\u00e7\u00e3o e j\u00e1 em implementa\u00e7\u00e3o em pa\u00edses da Uni\u00e3o Europeia desde a crise financeira\u00a0internacional de 2008, cujos desdobramentos seguem em curso&#8221;, explicam os t\u00e9cnicos.<\/p>\n<p>E questionam:<\/p>\n<p>Ter\u00e1 sido epis\u00f3dica a esperan\u00e7a de um Brasil mais justo e solid\u00e1rio? De uma economia\u00a0desenvolvida, que reduzia pobreza e desigualdades? De um pa\u00eds altivo, com voz no cen\u00e1rio\u00a0internacional? De uma sociedade livre e inclusiva, que exorcizava preconceitos e\u00a0discrimina\u00e7\u00f5es? De uma juventude que cruzava fronteiras, \u00e1vida por conhecimento e por um\u00a0futuro digno?<\/p>\n<p>Bastou pouco para perdermos o rumo. Dia a dia s\u00e3o atacados os fundamentos do Estado\u00a0democr\u00e1tico de direito. S\u00e3o t\u00e3o frequentes as agress\u00f5es \u00e0s institui\u00e7\u00f5es republicanas, \u00e0\u00a0moralidade p\u00fablica, ao meio ambiente e aos princ\u00edpios da dignidade da pessoa humana\u00a0insculpidos na Constitui\u00e7\u00e3o Federal \u2013 e \u00e0 pr\u00f3pria Constitui\u00e7\u00e3o \u2013 que hoje damos gra\u00e7as t\u00e3o\u00a0somente por pisarmos em terra firme, vale dizer, por estarmos vivos e podermos respirar.<\/p>\n<p>Leia a <a href=\"https:\/\/afipeasindical.org.br\/content\/uploads\/2021\/08\/NT-Afipea-20-.pdf\">Nota T\u00e9cnica da Afipea<\/a>.<\/p>\n","protected":false},"excerpt":{"rendered":"<p>Em nota t\u00e9cnica, os economista\u00a0Jos\u00e9 Celso Cardoso Jr., presidente da Afipea, e Regina Coeli Moreira Camargos, do Dieese, explicam os motivos pelos quais a reforma administrativa (PEC 32\/2020) n\u00e3o deve ser aprovada &#8220;Diante do vendaval de fake news e amea\u00e7as aos servidores p\u00fablicos propagados pelo governo\u00a0Bolsonaro\/Guedes e defensores, acerca das supostas \u2013 e irreais \u2013 vantagens da PEC 32\/2020, resolvemos [&hellip;]<\/p>\n","protected":false},"author":27,"featured_media":0,"comment_status":"open","ping_status":"closed","sticky":false,"template":"","format":"standard","meta":{"footnotes":""},"categories":[2719],"tags":[366,11339,11845,19223,11855,1807,4523,18170,8629,18242,15938,351],"class_list":["post-20439","post","type-post","status-publish","format-standard","hentry","category-servidor","tag-crise","tag-desdobramentos","tag-desigualdades","tag-discriminacoes","tag-fake-news","tag-financeira","tag-impactos","tag-pec-32-2020","tag-pobreza","tag-preconceitos","tag-reforma-administrativa","tag-sociedade"],"_links":{"self":[{"href":"https:\/\/blogs.correiobraziliense.com.br\/servidor\/wp-json\/wp\/v2\/posts\/20439","targetHints":{"allow":["GET"]}}],"collection":[{"href":"https:\/\/blogs.correiobraziliense.com.br\/servidor\/wp-json\/wp\/v2\/posts"}],"about":[{"href":"https:\/\/blogs.correiobraziliense.com.br\/servidor\/wp-json\/wp\/v2\/types\/post"}],"author":[{"embeddable":true,"href":"https:\/\/blogs.correiobraziliense.com.br\/servidor\/wp-json\/wp\/v2\/users\/27"}],"replies":[{"embeddable":true,"href":"https:\/\/blogs.correiobraziliense.com.br\/servidor\/wp-json\/wp\/v2\/comments?post=20439"}],"version-history":[{"count":2,"href":"https:\/\/blogs.correiobraziliense.com.br\/servidor\/wp-json\/wp\/v2\/posts\/20439\/revisions"}],"predecessor-version":[{"id":20442,"href":"https:\/\/blogs.correiobraziliense.com.br\/servidor\/wp-json\/wp\/v2\/posts\/20439\/revisions\/20442"}],"wp:attachment":[{"href":"https:\/\/blogs.correiobraziliense.com.br\/servidor\/wp-json\/wp\/v2\/media?parent=20439"}],"wp:term":[{"taxonomy":"category","embeddable":true,"href":"https:\/\/blogs.correiobraziliense.com.br\/servidor\/wp-json\/wp\/v2\/categories?post=20439"},{"taxonomy":"post_tag","embeddable":true,"href":"https:\/\/blogs.correiobraziliense.com.br\/servidor\/wp-json\/wp\/v2\/tags?post=20439"}],"curies":[{"name":"wp","href":"https:\/\/api.w.org\/{rel}","templated":true}]}}