{"id":20428,"date":"2021-08-18T15:38:22","date_gmt":"2021-08-18T18:38:22","guid":{"rendered":"https:\/\/blogs.correiobraziliense.com.br\/servidor\/?p=20428"},"modified":"2021-08-18T15:38:22","modified_gmt":"2021-08-18T18:38:22","slug":"justiceiras-lanca-campanha-para-combater-a-violencia-politica-de-genero","status":"publish","type":"post","link":"https:\/\/blogs.correiobraziliense.com.br\/servidor\/justiceiras-lanca-campanha-para-combater-a-violencia-politica-de-genero\/","title":{"rendered":"Justiceiras lan\u00e7a campanha para combater a viol\u00eancia pol\u00edtica de g\u00eanero"},"content":{"rendered":"<p><em><strong>A promotora de Justi\u00e7a Gabriela Manssur, idealizadora do Instituto Justi\u00e7a de Saia e do projeto Justiceiras, reunir\u00e1 diversas lideran\u00e7as femininas para o lan\u00e7amento da a\u00e7\u00e3o Pol\u00edticas de Saias, na quinta-feira, 19 de agosto, \u00e0s 19h30<\/strong><\/em><\/p>\n<p><img loading=\"lazy\" decoding=\"async\" class=\"alignright size-full wp-image-18403\" src=\"https:\/\/blogs.correiobraziliense.com.br\/servidor\/wp-content\/uploads\/sites\/10\/2020\/11\/martelo-de-madeira-e-bloco-de-som_207928-5.jpg\" alt=\"\" width=\"626\" height=\"391\" srcset=\"https:\/\/blogs.correiobraziliense.com.br\/servidor\/wp-content\/uploads\/sites\/10\/2020\/11\/martelo-de-madeira-e-bloco-de-som_207928-5.jpg 626w, https:\/\/blogs.correiobraziliense.com.br\/servidor\/wp-content\/uploads\/sites\/10\/2020\/11\/martelo-de-madeira-e-bloco-de-som_207928-5-300x187.jpg 300w, https:\/\/blogs.correiobraziliense.com.br\/servidor\/wp-content\/uploads\/sites\/10\/2020\/11\/martelo-de-madeira-e-bloco-de-som_207928-5-550x344.jpg 550w, https:\/\/blogs.correiobraziliense.com.br\/servidor\/wp-content\/uploads\/sites\/10\/2020\/11\/martelo-de-madeira-e-bloco-de-som_207928-5-230x144.jpg 230w\" sizes=\"auto, (max-width: 626px) 100vw, 626px\" \/><\/p>\n<p>Na Am\u00e9rica Latina, o Brasil ocupa um dos piores lugares no ranking de representa\u00e7\u00e3o feminina no Parlamento: figura na 140\u00aa posi\u00e7\u00e3o, \u00e0 frente apenas de Belize (169\u00ba) e Haiti (186\u00ba), segundo o Mapa das Mulheres na Pol\u00edtica 2020, da Organiza\u00e7\u00e3o das Na\u00e7\u00f5es Unidas (ONU). Al\u00e9m da parca presen\u00e7a feminina em espa\u00e7os representativos e de influ\u00eancia social, h\u00e1 outro fator que amea\u00e7a a participa\u00e7\u00e3o das mulheres em posi\u00e7\u00f5es de poder: a viol\u00eancia pol\u00edtica de g\u00eanero.<\/p>\n<p>A fim de propor a\u00e7\u00f5es para a conscientiza\u00e7\u00e3o, al\u00e9m de criar um canal especial para recebimento e acolhimento de den\u00fancias e tra\u00e7ar um panorama da viol\u00eancia de g\u00eanero no Brasil por meio de uma pesquisa, a promotora de Justi\u00e7a Gabriela Manssur lidera, ao lado de mais de 8 mil volunt\u00e1rias do projeto Justiceiras, a campanha Pol\u00edticas de Saias.<\/p>\n<p>A iniciativa ser\u00e1 lan\u00e7ada em evento virtual na quinta-feira (19), \u00e0s 19h30. Entre as convidadas est\u00e3o a deputada federal Tabata Amaral; a presidente do movimento Virada Feminina, Marta Livia Suplicy; a soci\u00f3loga e presidente do MDB Mulher, F\u00e1tima Pelaes; a deputada federal e procuradora da Secretaria das Mulheres, Tereza Neuma; a advogada e especialista em Direito Eleitoral Ma\u00edra Rechia e a ativista e primeira mulher negra a se candidatar ao Senado pelo estado de S\u00e3o Paulo, Cidinha Raiz.<\/p>\n<p><strong>Servi\u00e7o:<\/strong><\/p>\n<p>Lan\u00e7amento virtual da campanha Pol\u00edtica de Saias<\/p>\n<p>Dia: 19 de agosto, quinta-feira<\/p>\n<p>Hor\u00e1rio: a partir das 19h30<\/p>\n<p>Link: https:\/\/shorturl.at\/byHRZ<\/p>\n","protected":false},"excerpt":{"rendered":"<p>A promotora de Justi\u00e7a Gabriela Manssur, idealizadora do Instituto Justi\u00e7a de Saia e do projeto Justiceiras, reunir\u00e1 diversas lideran\u00e7as femininas para o lan\u00e7amento da a\u00e7\u00e3o Pol\u00edticas de Saias, na quinta-feira, 19 de agosto, \u00e0s 19h30 Na Am\u00e9rica Latina, o Brasil ocupa um dos piores lugares no ranking de representa\u00e7\u00e3o feminina no Parlamento: figura na 140\u00aa posi\u00e7\u00e3o, \u00e0 frente apenas de [&hellip;]<\/p>\n","protected":false},"author":27,"featured_media":0,"comment_status":"open","ping_status":"closed","sticky":false,"template":"","format":"standard","meta":{"footnotes":""},"categories":[2719],"tags":[],"class_list":["post-20428","post","type-post","status-publish","format-standard","hentry","category-servidor"],"_links":{"self":[{"href":"https:\/\/blogs.correiobraziliense.com.br\/servidor\/wp-json\/wp\/v2\/posts\/20428","targetHints":{"allow":["GET"]}}],"collection":[{"href":"https:\/\/blogs.correiobraziliense.com.br\/servidor\/wp-json\/wp\/v2\/posts"}],"about":[{"href":"https:\/\/blogs.correiobraziliense.com.br\/servidor\/wp-json\/wp\/v2\/types\/post"}],"author":[{"embeddable":true,"href":"https:\/\/blogs.correiobraziliense.com.br\/servidor\/wp-json\/wp\/v2\/users\/27"}],"replies":[{"embeddable":true,"href":"https:\/\/blogs.correiobraziliense.com.br\/servidor\/wp-json\/wp\/v2\/comments?post=20428"}],"version-history":[{"count":1,"href":"https:\/\/blogs.correiobraziliense.com.br\/servidor\/wp-json\/wp\/v2\/posts\/20428\/revisions"}],"predecessor-version":[{"id":20431,"href":"https:\/\/blogs.correiobraziliense.com.br\/servidor\/wp-json\/wp\/v2\/posts\/20428\/revisions\/20431"}],"wp:attachment":[{"href":"https:\/\/blogs.correiobraziliense.com.br\/servidor\/wp-json\/wp\/v2\/media?parent=20428"}],"wp:term":[{"taxonomy":"category","embeddable":true,"href":"https:\/\/blogs.correiobraziliense.com.br\/servidor\/wp-json\/wp\/v2\/categories?post=20428"},{"taxonomy":"post_tag","embeddable":true,"href":"https:\/\/blogs.correiobraziliense.com.br\/servidor\/wp-json\/wp\/v2\/tags?post=20428"}],"curies":[{"name":"wp","href":"https:\/\/api.w.org\/{rel}","templated":true}]}}