{"id":20426,"date":"2021-08-18T15:26:01","date_gmt":"2021-08-18T18:26:01","guid":{"rendered":"https:\/\/blogs.correiobraziliense.com.br\/servidor\/?p=20426"},"modified":"2021-08-18T15:26:01","modified_gmt":"2021-08-18T18:26:01","slug":"df-superior-da-desconto-a-servidores-em-cursos-de-graduacao-e-pos-graduacao","status":"publish","type":"post","link":"https:\/\/blogs.correiobraziliense.com.br\/servidor\/df-superior-da-desconto-a-servidores-em-cursos-de-graduacao-e-pos-graduacao\/","title":{"rendered":"DF Superior d\u00e1 desconto a servidores em cursos de gradua\u00e7\u00e3o e p\u00f3s-gradua\u00e7\u00e3o"},"content":{"rendered":"<p><em><strong>Os descontos em diversos cursos de gradua\u00e7\u00e3o e p\u00f3s gradua\u00e7\u00e3o lato e strictu senso, com o percentual m\u00ednimo de 15%, em alguns casos, chegam a mais de 50% do valor da mensalidade<\/strong><\/em><\/p>\n<p><img loading=\"lazy\" decoding=\"async\" class=\"alignright size-full wp-image-20149\" src=\"https:\/\/blogs.correiobraziliense.com.br\/servidor\/wp-content\/uploads\/sites\/10\/2021\/07\/EDUCA\u00c7\u00c3O.jpg\" alt=\"\" width=\"600\" height=\"400\" srcset=\"https:\/\/blogs.correiobraziliense.com.br\/servidor\/wp-content\/uploads\/sites\/10\/2021\/07\/EDUCA\u00c7\u00c3O.jpg 600w, https:\/\/blogs.correiobraziliense.com.br\/servidor\/wp-content\/uploads\/sites\/10\/2021\/07\/EDUCA\u00c7\u00c3O-300x200.jpg 300w, https:\/\/blogs.correiobraziliense.com.br\/servidor\/wp-content\/uploads\/sites\/10\/2021\/07\/EDUCA\u00c7\u00c3O-550x367.jpg 550w, https:\/\/blogs.correiobraziliense.com.br\/servidor\/wp-content\/uploads\/sites\/10\/2021\/07\/EDUCA\u00c7\u00c3O-230x153.jpg 230w\" sizes=\"auto, (max-width: 600px) 100vw, 600px\" \/><\/p>\n<p>O Programa DF Superior foi institu\u00eddo pelo Decreto n\u00ba 41.451\/2020 e regulamentado pela Portaria n\u00ba 08, de 13 de janeiro de 2021, do GDF, com o objetivo de oferecer descontos para os servidores e empregados p\u00fablicos, ativos ou inativos, da administra\u00e7\u00e3o direta e indireta do Distrito Federal e da C\u00e2mara Legislativa. Dependentes de servidores e empregados p\u00fabicos tamb\u00e9m podem participar.<\/p>\n<p>Os servidores ter\u00e3o duas op\u00e7\u00f5es de pagamento das mensalidades:<\/p>\n<p>\u2022 Pelo m\u00e9todo tradicional, via boleto banc\u00e1rio;<br \/>\n\u2022 Por meio de desconto em folha de pagamento, para aquelas Institui\u00e7\u00f5es de Ensino Superior que optaram por tal modalidade (se o\u00a0servidor tiver margem dispon\u00edvel para que seja feito o desconto em folha).<\/p>\n<p><strong>Confira as institui\u00e7\u00f5es cadastradas<\/strong><\/p>\n<p><a href=\"https:\/\/www.economia.df.gov.br\/uniprojecao\/\">UniProje\u00e7\u00e3o<\/a><\/p>\n<p><a href=\"https:\/\/www.economia.df.gov.br\/faculdade-fael\/\">Faculdade Fael<\/a><\/p>\n<p><a href=\"https:\/\/www.economia.df.gov.br\/iesb\/\">IESB<\/a><\/p>\n<p><a href=\"https:\/\/www.economia.df.gov.br\/faculdade-jk-cci\/\">Faculdade JK CCI<\/a><br \/>\n<a href=\"https:\/\/www.economia.df.gov.br\/faculdade-unyleya\/\">Faculdade Unyleya<\/a><br \/>\n<a href=\"https:\/\/www.economia.df.gov.br\/ceub\/\">CEUB<\/a><\/p>\n<p>&nbsp;<\/p>\n<p><strong>Clique para visualizar ou salvar os arquivos:<\/strong><\/p>\n<p><a href=\"http:\/\/www.economia.df.gov.br\/wp-conteudo\/uploads\/2021\/03\/INFORMACAO-PARA-SERVIDORES_2021-07-08.pdf\">Informa\u00e7\u00e3o para servidores<\/a><\/p>\n<p><a href=\"http:\/\/www.economia.df.gov.br\/wp-conteudo\/uploads\/2021\/03\/INFORMACAO-PARA-INSTITUICOES-DE-ENSINO_2021-06-28.pdf\">Informa\u00e7\u00e3o para institui\u00e7\u00f5es de ensino<\/a><\/p>\n<p><a href=\"http:\/\/www.sinj.df.gov.br\/sinj\/Norma\/437e77a971954bf5a52cb7d4291be62c\/Decreto_41451_11_11_2020.html\">Decreto n\u00ba 41.451, de 11 de novembro de 2020<\/a><\/p>\n<p><a href=\"http:\/\/www.sinj.df.gov.br\/sinj\/Norma\/2105538eedbf4c009b4ccb9a978b8a34\/Portaria_8_13_01_2021.html\">Portaria n\u00ba 08, de 13 de janeiro de 2021<\/a><\/p>\n","protected":false},"excerpt":{"rendered":"<p>Os descontos em diversos cursos de gradua\u00e7\u00e3o e p\u00f3s gradua\u00e7\u00e3o lato e strictu senso, com o percentual m\u00ednimo de 15%, em alguns casos, chegam a mais de 50% do valor da mensalidade O Programa DF Superior foi institu\u00eddo pelo Decreto n\u00ba 41.451\/2020 e regulamentado pela Portaria n\u00ba 08, de 13 de janeiro de 2021, do GDF, com o objetivo de [&hellip;]<\/p>\n","protected":false},"author":27,"featured_media":0,"comment_status":"open","ping_status":"closed","sticky":false,"template":"","format":"standard","meta":{"footnotes":""},"categories":[2719],"tags":[345,865,1450,2319,3690,19218,2692,4716,2544,151,4340,58],"class_list":["post-20426","post","type-post","status-publish","format-standard","hentry","category-servidor","tag-aposentados","tag-ativos","tag-cursos","tag-dependentes","tag-desconto","tag-df-superior","tag-gdf","tag-graduacao","tag-mensalidade","tag-pagamento","tag-pos-graduacao","tag-servidores"],"_links":{"self":[{"href":"https:\/\/blogs.correiobraziliense.com.br\/servidor\/wp-json\/wp\/v2\/posts\/20426","targetHints":{"allow":["GET"]}}],"collection":[{"href":"https:\/\/blogs.correiobraziliense.com.br\/servidor\/wp-json\/wp\/v2\/posts"}],"about":[{"href":"https:\/\/blogs.correiobraziliense.com.br\/servidor\/wp-json\/wp\/v2\/types\/post"}],"author":[{"embeddable":true,"href":"https:\/\/blogs.correiobraziliense.com.br\/servidor\/wp-json\/wp\/v2\/users\/27"}],"replies":[{"embeddable":true,"href":"https:\/\/blogs.correiobraziliense.com.br\/servidor\/wp-json\/wp\/v2\/comments?post=20426"}],"version-history":[{"count":1,"href":"https:\/\/blogs.correiobraziliense.com.br\/servidor\/wp-json\/wp\/v2\/posts\/20426\/revisions"}],"predecessor-version":[{"id":20427,"href":"https:\/\/blogs.correiobraziliense.com.br\/servidor\/wp-json\/wp\/v2\/posts\/20426\/revisions\/20427"}],"wp:attachment":[{"href":"https:\/\/blogs.correiobraziliense.com.br\/servidor\/wp-json\/wp\/v2\/media?parent=20426"}],"wp:term":[{"taxonomy":"category","embeddable":true,"href":"https:\/\/blogs.correiobraziliense.com.br\/servidor\/wp-json\/wp\/v2\/categories?post=20426"},{"taxonomy":"post_tag","embeddable":true,"href":"https:\/\/blogs.correiobraziliense.com.br\/servidor\/wp-json\/wp\/v2\/tags?post=20426"}],"curies":[{"name":"wp","href":"https:\/\/api.w.org\/{rel}","templated":true}]}}