{"id":20419,"date":"2021-08-18T12:03:49","date_gmt":"2021-08-18T15:03:49","guid":{"rendered":"https:\/\/blogs.correiobraziliense.com.br\/servidor\/?p=20419"},"modified":"2021-08-18T12:03:49","modified_gmt":"2021-08-18T15:03:49","slug":"servidores-centrais-sindicais-e-movimentos-sociais-em-manifestacoes-apresentam-10-motivos-para-o-impeachment","status":"publish","type":"post","link":"https:\/\/blogs.correiobraziliense.com.br\/servidor\/servidores-centrais-sindicais-e-movimentos-sociais-em-manifestacoes-apresentam-10-motivos-para-o-impeachment\/","title":{"rendered":"Servidores, centrais sindicais e movimentos sociais, em manifesta\u00e7\u00f5es, apresentam 10 motivos para o impeachment"},"content":{"rendered":"<p><em><strong>Em todo o pa\u00eds, respeitando os protocolos sanit\u00e1rios, de forma presencial ou pelas redes sociais, s\u00e3o divulgados panfletos que repudiam a reforma administrativa (PEC 32\/2020) e apontam 10 principais motivos para tirar o presidente Jair Bolsonaro do poder. O\u00a0material est\u00e1 sendo distribu\u00eddo em portas de f\u00e1bricas, locais de trabalho, terminais de \u00f4nibus e metr\u00f4, feiras, entre outros<\/strong><\/em><\/p>\n<p><img loading=\"lazy\" decoding=\"async\" class=\"alignright size-full wp-image-20420\" src=\"https:\/\/blogs.correiobraziliense.com.br\/servidor\/wp-content\/uploads\/sites\/10\/2021\/08\/10-MANIFESTA\u00c7\u00d5ES.jpg\" alt=\"\" width=\"700\" height=\"500\" srcset=\"https:\/\/blogs.correiobraziliense.com.br\/servidor\/wp-content\/uploads\/sites\/10\/2021\/08\/10-MANIFESTA\u00c7\u00d5ES.jpg 700w, https:\/\/blogs.correiobraziliense.com.br\/servidor\/wp-content\/uploads\/sites\/10\/2021\/08\/10-MANIFESTA\u00c7\u00d5ES-300x214.jpg 300w, https:\/\/blogs.correiobraziliense.com.br\/servidor\/wp-content\/uploads\/sites\/10\/2021\/08\/10-MANIFESTA\u00c7\u00d5ES-550x393.jpg 550w, https:\/\/blogs.correiobraziliense.com.br\/servidor\/wp-content\/uploads\/sites\/10\/2021\/08\/10-MANIFESTA\u00c7\u00d5ES-230x164.jpg 230w\" sizes=\"auto, (max-width: 700px) 100vw, 700px\" \/><\/p>\n<p>Come\u00e7ou a circular pelas ruas de todo o pais, nesse dia nacional de greve e paralisa\u00e7\u00f5es, um informativo que lista \u201c10 motivos para tirar Bolsonaro da Presid\u00eancia\u201d.\u00a0Com linguagem simples e direta, o panfleto da Campanha Nacional \u2018Fora, Bolsonaro\u2019 tem o objetivo mostrar \u00e0 popula\u00e7\u00e3o as principais raz\u00f5es que fazem &#8220;um governo insustent\u00e1vel, cujas a\u00e7\u00f5es promovem os maiores retrocessos sociais, trabalhistas e econ\u00f4micos da hist\u00f3ria do Brasil&#8221;, informam os organizadores.<\/p>\n<p>O lan\u00e7amento do material soma for\u00e7as \u00e0 mobiliza\u00e7\u00e3o desta quarta-feira, 18 de agosto, dia de atos, paralisa\u00e7\u00f5es e mobiliza\u00e7\u00f5es tanto nas ruas quanto nas redes sociais, em apoio \u00e0 greve dos servidores p\u00fablicos em todo o Brasil. Mas ser\u00e1 usado tamb\u00e9m nas pr\u00f3ximas manifesta\u00e7\u00f5es, como no dia 7 de setembro, data de novas manifesta\u00e7\u00f5es. O Grito dos Exclu\u00eddos, neste dia, ter\u00e1 como bandeira principal o #ForaBolsonaro.<\/p>\n<p>&#8220;Al\u00e9m de ser entregue em locais p\u00fablicos de grande circula\u00e7\u00e3o o panfleto pode ser tamb\u00e9m compartilhado pelas redes sociais. A ideia surgiu da necessidade de ampliar a conscientiza\u00e7\u00e3o da popula\u00e7\u00e3o sobre os ataques de Bolsonaro ao povo brasileiro, informa a Central \u00danica dos Trabalhadores (CUT).<\/p>\n<p>\u201cA ideia \u00e9 que os sindicatos em todo o pais utilizem, reproduzam e distribuam o panfleto em portas de f\u00e1bricas, locais de trabalho, terminais de \u00f4nibus e metr\u00f4, feiras, ou seja, locais de grande circula\u00e7\u00e3o\u201d, diz Milton dos Santos Rezende, o Miltinho, diretor executivo da CUT.<\/p>\n<p><img loading=\"lazy\" decoding=\"async\" class=\"alignright size-full wp-image-20421\" src=\"https:\/\/blogs.correiobraziliense.com.br\/servidor\/wp-content\/uploads\/sites\/10\/2021\/08\/10-MOTIVOS.jpg\" alt=\"\" width=\"700\" height=\"969\" srcset=\"https:\/\/blogs.correiobraziliense.com.br\/servidor\/wp-content\/uploads\/sites\/10\/2021\/08\/10-MOTIVOS.jpg 700w, https:\/\/blogs.correiobraziliense.com.br\/servidor\/wp-content\/uploads\/sites\/10\/2021\/08\/10-MOTIVOS-217x300.jpg 217w, https:\/\/blogs.correiobraziliense.com.br\/servidor\/wp-content\/uploads\/sites\/10\/2021\/08\/10-MOTIVOS-550x761.jpg 550w, https:\/\/blogs.correiobraziliense.com.br\/servidor\/wp-content\/uploads\/sites\/10\/2021\/08\/10-MOTIVOS-230x318.jpg 230w\" sizes=\"auto, (max-width: 700px) 100vw, 700px\" \/><br \/>\n<strong>O Brasil n\u00e3o te aguenta mais<\/strong><\/p>\n<p>Os 10 motivos listados apontam &#8220;a destrui\u00e7\u00e3o dos servi\u00e7os p\u00fablicos pretendida por Bolsonaro e seu ministro da Economia Paulo Guedes&#8221;, informam as centrais sindicais. Mas tamb\u00e9m citam problemas graves pelo pa\u00eds, causados e agravados pela condu\u00e7\u00e3o pol\u00edtica de Bolsonaro, como o negacionismo para lidar com a pandemia do novo coronav\u00edrus, o desemprego, a fome, a mis\u00e9ria e a carestia.<\/p>\n<p>\u201cO governo Bolsonaro congela e corta recursos nas \u00e1reas mais importantes para o povo como na sa\u00fade, na educa\u00e7\u00e3o e moradia. N\u00e3o contente com suas maldades, quer demitir servidores, aumentar o n\u00famero de cargos por indica\u00e7\u00e3o pol\u00edtica e destruir os servi\u00e7os p\u00fablicos com a reforma Administrativa\u201d, diz um dos t\u00f3picos do panfleto.<\/p>\n<p>Outros motivos s\u00e3o a volta do Brasil ao mapa da fome, o desemprego crescente, o insuficiente valor do aux\u00edlio emergencial em 2021, a alta dos pre\u00e7os, a carestia e a infla\u00e7\u00e3o, al\u00e9m da pol\u00edtica de privatiza\u00e7\u00f5es &#8220;que saqueia o Brasil entregando o patrim\u00f4nio p\u00fablico a \u201cpre\u00e7o de banana\u201d para a iniciativa privada, piorando a qualidade de servi\u00e7os p\u00fablicos e a viol\u00eancia contra negros e ind\u00edgenas&#8221;, assinalam.<\/p>\n<p>\u201cEst\u00e1 claro que esse governo n\u00e3o tem pol\u00edticas p\u00fablicas para responder a essas quest\u00f5es. A \u00fanica pol\u00edtica que tem \u00e9 de ataque \u00e0 democracia e tentar se perpetuar no poder. Esse governo n\u00e3o pensa nos pobres, n\u00e3o pensa nos trabalhadores, nem no desenvolvimento do pa\u00eds. N\u00e3o tem capacidade pol\u00edtica e administrativa nenhuma de permanecer governando um pa\u00eds rico como o nosso\u201d, Miltinho.<\/p>\n<p><strong>Indica\u00e7\u00f5es sobre &#8220;o que fazer para tirar Bolsonaro da Presid\u00eancia?&#8221;<\/strong><\/p>\n<p><img loading=\"lazy\" decoding=\"async\" class=\"alignright size-full wp-image-20422\" src=\"https:\/\/blogs.correiobraziliense.com.br\/servidor\/wp-content\/uploads\/sites\/10\/2021\/08\/O-QUE-FAZER.jpg\" alt=\"\" width=\"700\" height=\"949\" \/><\/p>\n<p>Nas redes sociais use a hashtag #ForaBolsonaro e os mat\u00e9rias da campanha, dispon\u00edveis no site da Campanha Nacional Fora Bolsonaro<\/p>\n<p>&#8220;Todos podem tamb\u00e9m pressionar o presidente da C\u00e2mara dos Deputados, Arthur Lira (PP-AL), para que ele tire da gaveta pelo menos um dos mais de 120 pedidos de impeachment. Para isso, acesse: SUPERIMPEACHMENT.ORG<\/p>\n<p>DIGA N\u00c3O \u00c0 REFORMA ADMINISTRATIVA: Acesse aqui o site Na Press\u00e3o para pressionar parlamentares a votarem contra a PEC 32<\/p>\n","protected":false},"excerpt":{"rendered":"<p>Em todo o pa\u00eds, respeitando os protocolos sanit\u00e1rios, de forma presencial ou pelas redes sociais, s\u00e3o divulgados panfletos que repudiam a reforma administrativa (PEC 32\/2020) e apontam 10 principais motivos para tirar o presidente Jair Bolsonaro do poder. O\u00a0material est\u00e1 sendo distribu\u00eddo em portas de f\u00e1bricas, locais de trabalho, terminais de \u00f4nibus e metr\u00f4, feiras, entre outros Come\u00e7ou a circular [&hellip;]<\/p>\n","protected":false},"author":27,"featured_media":0,"comment_status":"open","ping_status":"closed","sticky":false,"template":"","format":"standard","meta":{"footnotes":""},"categories":[2719],"tags":[2866,1542,1101,14498,15971,1884,13649,1734,11626,15237,19214,18170,545,1083,15938,358,58,19,261],"class_list":["post-20419","post","type-post","status-publish","format-standard","hentry","category-servidor","tag-ataques","tag-bandeira","tag-centrais-sindicais","tag-conscientizacao","tag-grito-dos-excluidos","tag-impeachment","tag-jair-bolsonaro","tag-manifestacoes","tag-motivos","tag-movimentos-sociais","tag-panfleto","tag-pec-32-2020","tag-populacao","tag-redes-sociais","tag-reforma-administrativa","tag-renda","tag-servidores","tag-trabalhadores","tag-trabalho"],"_links":{"self":[{"href":"https:\/\/blogs.correiobraziliense.com.br\/servidor\/wp-json\/wp\/v2\/posts\/20419","targetHints":{"allow":["GET"]}}],"collection":[{"href":"https:\/\/blogs.correiobraziliense.com.br\/servidor\/wp-json\/wp\/v2\/posts"}],"about":[{"href":"https:\/\/blogs.correiobraziliense.com.br\/servidor\/wp-json\/wp\/v2\/types\/post"}],"author":[{"embeddable":true,"href":"https:\/\/blogs.correiobraziliense.com.br\/servidor\/wp-json\/wp\/v2\/users\/27"}],"replies":[{"embeddable":true,"href":"https:\/\/blogs.correiobraziliense.com.br\/servidor\/wp-json\/wp\/v2\/comments?post=20419"}],"version-history":[{"count":1,"href":"https:\/\/blogs.correiobraziliense.com.br\/servidor\/wp-json\/wp\/v2\/posts\/20419\/revisions"}],"predecessor-version":[{"id":20423,"href":"https:\/\/blogs.correiobraziliense.com.br\/servidor\/wp-json\/wp\/v2\/posts\/20419\/revisions\/20423"}],"wp:attachment":[{"href":"https:\/\/blogs.correiobraziliense.com.br\/servidor\/wp-json\/wp\/v2\/media?parent=20419"}],"wp:term":[{"taxonomy":"category","embeddable":true,"href":"https:\/\/blogs.correiobraziliense.com.br\/servidor\/wp-json\/wp\/v2\/categories?post=20419"},{"taxonomy":"post_tag","embeddable":true,"href":"https:\/\/blogs.correiobraziliense.com.br\/servidor\/wp-json\/wp\/v2\/tags?post=20419"}],"curies":[{"name":"wp","href":"https:\/\/api.w.org\/{rel}","templated":true}]}}