{"id":20411,"date":"2021-08-18T08:00:26","date_gmt":"2021-08-18T11:00:26","guid":{"rendered":"https:\/\/blogs.correiobraziliense.com.br\/servidor\/?p=20411"},"modified":"2021-08-17T23:19:28","modified_gmt":"2021-08-18T02:19:28","slug":"inscricoes-para-4a-edicao-do-premio-espirito-publico","status":"publish","type":"post","link":"https:\/\/blogs.correiobraziliense.com.br\/servidor\/inscricoes-para-4a-edicao-do-premio-espirito-publico\/","title":{"rendered":"Inscri\u00e7\u00f5es para 4\u00aa edi\u00e7\u00e3o do Pr\u00eamio Esp\u00edrito P\u00fablico"},"content":{"rendered":"<p><em><strong>Interessados podem se inscrever at\u00e9 5 de setembro.\u00a0Categoria in\u00e9dita reconhece iniciativas de entidades da administra\u00e7\u00e3o p\u00fablica que trabalham o tema Seguran\u00e7a Alimentar.\u00a0Al\u00e9m dos pr\u00eamios em dinheiro que variam de R$ 5 mil para indiv\u00edduos a R$ 15 mil para equipes, os vencedores ter\u00e3o a oportunidade de passar por um processo de imers\u00e3o de aprendizado em gest\u00e3o p\u00fablica<\/strong><\/em><\/p>\n<p>&nbsp;<\/p>\n<p>Est\u00e3o abertas at\u00e9 o dia 5 de setembro as inscri\u00e7\u00f5es para o maior pr\u00eamio dedicado aos profissionais p\u00fablicos do Brasil. Em sua quarta edi\u00e7\u00e3o, o Pr\u00eamio Esp\u00edrito P\u00fablico 2021 incluiu a \u00e1rea de Assist\u00eancia Social na categoria Pessoas que Transformam e elegeu o tema Seguran\u00e7a Alimentar como foco da categoria Institui\u00e7\u00f5es que Transformam.\u00a0J\u00e1 na categoria Equipes que Transformam, a \u00e1rea da premia\u00e7\u00e3o este ano ser\u00e1 Educa\u00e7\u00e3o.<\/p>\n<p>Com o objetivo de identificar, reconhecer e valorizar profissionais dedicados \u00e0 garantia da qualidade dos servi\u00e7os p\u00fablicos oferecidos \u00e0 sociedade, o Pr\u00eamio Esp\u00edrito P\u00fablico j\u00e1 contemplou 55 pessoas desde a sua primeira edi\u00e7\u00e3o em todas as regi\u00f5es do pa\u00eds. O Pr\u00eamio Esp\u00edrito P\u00fablico \u00e9 uma iniciativa da Parceria Vamos, formada pela Funda\u00e7\u00e3o Lemann, Instituto humanize e a Rep\u00fablica.org, organiza\u00e7\u00f5es da sociedade civil que atuam no fortalecimento das lideran\u00e7as do setor p\u00fablico e do terceiro setor.<\/p>\n<p>\u201cA pandemia, que agravou nossas desigualdades sociais e econ\u00f4micas, mostrou mais uma vez como profissionais p\u00fablicas importam e fazem a diferen\u00e7a na vida da popula\u00e7\u00e3o. Consequ\u00eancias da Covid-19 e do distanciamento social na sa\u00fade da popula\u00e7\u00e3o, perdas educacionais dos nossos jovens, aumento do desemprego e nosso retorno ao mapa da fome s\u00e3o desafios urgentes, que precisaremos endere\u00e7ar com pol\u00edticas p\u00fablicas. Premiar as pessoas, equipes e institui\u00e7\u00f5es que trabalham incansavelmente para mudar essa realidade \u00e9 nossa forma de reconhecer iniciativas que t\u00eam um impacto tremendo&#8221;, destaca Ana Paula Pellegrino, co-diretora executiva da Rep\u00fablica.org.<\/p>\n<p>Na categoria Pessoas que Transformam poder\u00e3o participar profissionais p\u00fablicos, brasileiros ou estrangeiros, que trabalham atualmente na administra\u00e7\u00e3o p\u00fablica direta ou indireta (incluindo funda\u00e7\u00f5es, autarquias e empresas p\u00fablicas), nas esferas federal, estadual ou municipal. Os profissionais devem ter, no m\u00ednimo, 8 anos de atua\u00e7\u00e3o no setor p\u00fablico, sendo pelo menos 4 deles na \u00faltima d\u00e9cada. Esta categoria oferecer\u00e1 5 eixos setoriais: Assist\u00eancia Social, Gest\u00e3o de Pessoas, Meio Ambiente, Sa\u00fade e Seguran\u00e7a.<\/p>\n<p>A categoria Equipes que Transformam reconhecer\u00e1 o trabalho feito na \u00e1rea de Educa\u00e7\u00e3o. Poder\u00e3o se inscrever grupos compostos por, no m\u00ednimo 3 e no m\u00e1ximo 10 profissionais p\u00fablicos, sendo uma pessoa representante da equipe e respons\u00e1vel pela inscri\u00e7\u00e3o. Todos os membros dever\u00e3o ter, no m\u00ednimo, 5 anos de atua\u00e7\u00e3o no setor p\u00fablico brasileiro na \u00faltima d\u00e9cada.<\/p>\n<p>A categoria Institui\u00e7\u00f5es que Transformam, uma das maiores novidades desta edi\u00e7\u00e3o, promover\u00e1 o reconhecimento de entidades da administra\u00e7\u00e3o p\u00fablica direta e indireta que contribuem para a promo\u00e7\u00e3o da Seguran\u00e7a Alimentar. Essa categoria n\u00e3o aceitar\u00e1 inscri\u00e7\u00f5es e a candidatura se dar\u00e1 por indica\u00e7\u00e3o dos parceiros do pr\u00eamio. Ser\u00e3o indicadas institui\u00e7\u00f5es que desenvolveram a\u00e7\u00f5es, sobretudo no \u00faltimo ano, para assegurar alimenta\u00e7\u00e3o adequada \u00e0 popula\u00e7\u00e3o, proporcionando acesso regular e permanente a alimentos de qualidade e em quantidade suficiente, resguardando as propriedades saud\u00e1veis de nutri\u00e7\u00e3o. A escolha se dar\u00e1 por uma vota\u00e7\u00e3o popular.<\/p>\n<p><strong>Sele\u00e7\u00e3o<\/strong><\/p>\n<p>A escolha dos vencedores das demais categorias ser\u00e1 feita por j\u00faris e comit\u00eas setoriais compostos por profissionais not\u00e1veis do setor p\u00fablico e academia, representantes do terceiro setor e de organiza\u00e7\u00f5es com grande experi\u00eancia em temas afins, al\u00e9m de ganhadores de edi\u00e7\u00f5es anteriores. Crit\u00e9rios como diversidade, impacto social, contribui\u00e7\u00e3o t\u00e9cnica, capacidade de mobiliza\u00e7\u00e3o e efeito multiplicador, iniciativa e integridade ser\u00e3o observados pelos jurados.<\/p>\n<p>A categoria Equipes que Transformam selecionar\u00e1 uma equipe vencedora e cada um dos 5 eixos setoriais da categoria Pessoas que Transformam ter\u00e1 3 vencedores. Al\u00e9m dos pr\u00eamios em dinheiro que variam de R$ 5 mil para indiv\u00edduos a R$ 15 mil para equipes, os vencedores receber\u00e3o a oportunidade de passar por um processo de imers\u00e3o de aprendizado em gest\u00e3o p\u00fablica. A cerim\u00f4nia de premia\u00e7\u00e3o ocorrer\u00e1 em dezembro e, devido \u00e0s medidas restritivas geradas pela pandemia da covid-19, ser\u00e1 feita de maneira remota, assim como ocorreu na edi\u00e7\u00e3o de 2020. As inscri\u00e7\u00f5es podem ser feitas pelo site www.premioespiritopublico.org.br. Os premiados passar\u00e3o ainda a compor uma rede exclusiva formada pelos ganhadores do Pr\u00eamio nas tr\u00eas edi\u00e7\u00f5es anteriores.<\/p>\n<p>Criado em 2018, o Pr\u00eamio Esp\u00edrito P\u00fablico busca contribuir para a ressignifica\u00e7\u00e3o da imagem do profissional p\u00fablico no Brasil, provocando uma mudan\u00e7a positiva de mentalidade da sociedade em rela\u00e7\u00e3o aos profissionais p\u00fablicos. S\u00e3o objetivos desta premia\u00e7\u00e3o identificar, reconhecer e valorizar profissionais com Esp\u00edrito P\u00fablico e, assim, contribuir para uma gest\u00e3o mais engajada, justa e efetiva para todas e todos. O pr\u00eamio tem como objetivo ainda inspirar e estimular que outras pessoas ingressem na carreira p\u00fablica e incorporem na sua atua\u00e7\u00e3o profissional o Esp\u00edrito P\u00fablico.<\/p>\n","protected":false},"excerpt":{"rendered":"<p>Interessados podem se inscrever at\u00e9 5 de setembro.\u00a0Categoria in\u00e9dita reconhece iniciativas de entidades da administra\u00e7\u00e3o p\u00fablica que trabalham o tema Seguran\u00e7a Alimentar.\u00a0Al\u00e9m dos pr\u00eamios em dinheiro que variam de R$ 5 mil para indiv\u00edduos a R$ 15 mil para equipes, os vencedores ter\u00e3o a oportunidade de passar por um processo de imers\u00e3o de aprendizado em gest\u00e3o p\u00fablica &nbsp; Est\u00e3o abertas [&hellip;]<\/p>\n","protected":false},"author":27,"featured_media":0,"comment_status":"open","ping_status":"closed","sticky":false,"template":"","format":"standard","meta":{"footnotes":""},"categories":[2719],"tags":[734,17256,2293,11845,73,7208,3305,2627,124,1358,10064,781,3154,17255,15953,1075,11413,58],"class_list":["post-20411","post","type-post","status-publish","format-standard","hentry","category-servidor","tag-brasileiros","tag-covid-19","tag-desemprego","tag-desigualdades","tag-entidades","tag-equipes","tag-estadual","tag-estrangeiros","tag-federal","tag-gestao-publica","tag-iniciativas","tag-inscricoes","tag-municipal","tag-pandemia","tag-premio-espirito-publico","tag-profissionais","tag-seguranca-alimentar","tag-servidores"],"_links":{"self":[{"href":"https:\/\/blogs.correiobraziliense.com.br\/servidor\/wp-json\/wp\/v2\/posts\/20411","targetHints":{"allow":["GET"]}}],"collection":[{"href":"https:\/\/blogs.correiobraziliense.com.br\/servidor\/wp-json\/wp\/v2\/posts"}],"about":[{"href":"https:\/\/blogs.correiobraziliense.com.br\/servidor\/wp-json\/wp\/v2\/types\/post"}],"author":[{"embeddable":true,"href":"https:\/\/blogs.correiobraziliense.com.br\/servidor\/wp-json\/wp\/v2\/users\/27"}],"replies":[{"embeddable":true,"href":"https:\/\/blogs.correiobraziliense.com.br\/servidor\/wp-json\/wp\/v2\/comments?post=20411"}],"version-history":[{"count":1,"href":"https:\/\/blogs.correiobraziliense.com.br\/servidor\/wp-json\/wp\/v2\/posts\/20411\/revisions"}],"predecessor-version":[{"id":20413,"href":"https:\/\/blogs.correiobraziliense.com.br\/servidor\/wp-json\/wp\/v2\/posts\/20411\/revisions\/20413"}],"wp:attachment":[{"href":"https:\/\/blogs.correiobraziliense.com.br\/servidor\/wp-json\/wp\/v2\/media?parent=20411"}],"wp:term":[{"taxonomy":"category","embeddable":true,"href":"https:\/\/blogs.correiobraziliense.com.br\/servidor\/wp-json\/wp\/v2\/categories?post=20411"},{"taxonomy":"post_tag","embeddable":true,"href":"https:\/\/blogs.correiobraziliense.com.br\/servidor\/wp-json\/wp\/v2\/tags?post=20411"}],"curies":[{"name":"wp","href":"https:\/\/api.w.org\/{rel}","templated":true}]}}