{"id":20382,"date":"2021-08-14T18:28:58","date_gmt":"2021-08-14T21:28:58","guid":{"rendered":"https:\/\/blogs.correiobraziliense.com.br\/servidor\/?p=20382"},"modified":"2021-08-14T18:28:58","modified_gmt":"2021-08-14T21:28:58","slug":"policiais-federais-se-unem-em-defesa-da-convocacao-dos-aprovados-excedentes-do-ultimo-concurso-da-pf","status":"publish","type":"post","link":"https:\/\/blogs.correiobraziliense.com.br\/servidor\/policiais-federais-se-unem-em-defesa-da-convocacao-dos-aprovados-excedentes-do-ultimo-concurso-da-pf\/","title":{"rendered":"Policiais federais se unem em defesa da convoca\u00e7\u00e3o dos aprovados excedentes do \u00faltimo concurso da PF"},"content":{"rendered":"<p><em><strong>Demanda dos concursados j\u00e1 foi levada \u00e0 dire\u00e7\u00e3o da PF, com outras reivindica\u00e7\u00f5es espec\u00edficas dos policiais federais.\u00a0Atualmente, h\u00e1 mais de seis mil cargos vagos na PF<\/strong><\/em><\/p>\n<p><img loading=\"lazy\" decoding=\"async\" class=\"alignright size-full wp-image-20383\" src=\"https:\/\/blogs.correiobraziliense.com.br\/servidor\/wp-content\/uploads\/sites\/10\/2021\/08\/POLICIAIS-FEDERAIS.jpg\" alt=\"\" width=\"790\" height=\"474\" \/><\/p>\n<p>&nbsp;<\/p>\n<p><em>Foto: Estado de Minas<\/em><\/p>\n<p>A comiss\u00e3o nacional de aprovados excedentes, com 32 candidatos &#8211; do \u00faltimo concurso para a corpora\u00e7\u00e3o, de 23 de maio deste ano -, j\u00e1 foi recebida pela diretoria da Federa\u00e7\u00e3o Nacional dos Policiais Federias (Fenapef) e por representantes dos sindicatos de Santa Catarina, Bahia, Distrito Federal, Paran\u00e1, Rio Grande do Norte, Par\u00e1, Amazonas, Goi\u00e1s, Minas Gerais e Cear\u00e1. A Fenapef tamb\u00e9m intermediou um encontro do grupo com o diretor de Gest\u00e3o de Pessoal da Pol\u00edcia Federal, Oswaldo Gomide.<\/p>\n<p>A Fenapef entende que a incorpora\u00e7\u00e3o desses candidatos, aprovados com boas notas, embora fora do quantitativo de vagas previsto pelo edital, n\u00e3o comprometer\u00e1 em nada a excel\u00eancia dos trabalhos da Pol\u00edcia Federal. \u201cAo contr\u00e1rio, teremos uma economia muito grande, tanto de esfor\u00e7os quanto de recursos\u201d, avalia o presidente da Federa\u00e7\u00e3o, Lu\u00eds Ant\u00f4nio Boudens. Atualmente, h\u00e1 mais de seis mil cargos vagos na PF. Os concursos s\u00e3o caros e longos, j\u00e1 que s\u00e3o muitas etapas at\u00e9 a classifica\u00e7\u00e3o final.<\/p>\n<p>A mobiliza\u00e7\u00e3o pelo preenchimento de vagas na Pol\u00edcia Federal \u00e9 um dos pontos mais importantes da pauta de reivindica\u00e7\u00f5es da categoria, que tamb\u00e9m se movimenta junto \u00e0 gest\u00e3o da Pol\u00edcia Federal e ao Executivo por temas como a reforma administrativa e como ela afeta os servidores da Pol\u00edcia Federal, a indeniza\u00e7\u00e3o de fronteiras, o sobreaviso indenizado, o reajuste de di\u00e1rias e a tramita\u00e7\u00e3o, no Congresso, do novo C\u00f3digo de Processo Penal.<\/p>\n<p>As preocupa\u00e7\u00f5es e reivindica\u00e7\u00f5es da categoria tamb\u00e9m est\u00e3o chegando ao Pal\u00e1cio do Planalto. Os policiais federais contam com o empenho dos deputados Sanderson (PSL- RS) e Alu\u00edsio Mendes (PSC-MA), que est\u00e3o entre os principais representantes da categoria no Congresso Nacional.<\/p>\n","protected":false},"excerpt":{"rendered":"<p>Demanda dos concursados j\u00e1 foi levada \u00e0 dire\u00e7\u00e3o da PF, com outras reivindica\u00e7\u00f5es espec\u00edficas dos policiais federais.\u00a0Atualmente, h\u00e1 mais de seis mil cargos vagos na PF &nbsp; Foto: Estado de Minas A comiss\u00e3o nacional de aprovados excedentes, com 32 candidatos &#8211; do \u00faltimo concurso para a corpora\u00e7\u00e3o, de 23 de maio deste ano -, j\u00e1 foi recebida pela diretoria da [&hellip;]<\/p>\n","protected":false},"author":27,"featured_media":0,"comment_status":"open","ping_status":"closed","sticky":false,"template":"","format":"standard","meta":{"footnotes":""},"categories":[2719],"tags":[234,791,1367,93,100,1753,2022,19196,3473,319,104,110,63,15938,13394,5267],"class_list":["post-20382","post","type-post","status-publish","format-standard","hentry","category-servidor","tag-aprovados","tag-cargos","tag-codigo-de-processo-civil","tag-concurso","tag-congresso","tag-diarias","tag-excedentes","tag-indenizacao-de-fronteiras","tag-palacio-do-planalto","tag-pf","tag-policia-federal","tag-policiais","tag-reajuste","tag-reforma-administrativa","tag-sobreaviso","tag-vagos"],"_links":{"self":[{"href":"https:\/\/blogs.correiobraziliense.com.br\/servidor\/wp-json\/wp\/v2\/posts\/20382","targetHints":{"allow":["GET"]}}],"collection":[{"href":"https:\/\/blogs.correiobraziliense.com.br\/servidor\/wp-json\/wp\/v2\/posts"}],"about":[{"href":"https:\/\/blogs.correiobraziliense.com.br\/servidor\/wp-json\/wp\/v2\/types\/post"}],"author":[{"embeddable":true,"href":"https:\/\/blogs.correiobraziliense.com.br\/servidor\/wp-json\/wp\/v2\/users\/27"}],"replies":[{"embeddable":true,"href":"https:\/\/blogs.correiobraziliense.com.br\/servidor\/wp-json\/wp\/v2\/comments?post=20382"}],"version-history":[{"count":1,"href":"https:\/\/blogs.correiobraziliense.com.br\/servidor\/wp-json\/wp\/v2\/posts\/20382\/revisions"}],"predecessor-version":[{"id":20384,"href":"https:\/\/blogs.correiobraziliense.com.br\/servidor\/wp-json\/wp\/v2\/posts\/20382\/revisions\/20384"}],"wp:attachment":[{"href":"https:\/\/blogs.correiobraziliense.com.br\/servidor\/wp-json\/wp\/v2\/media?parent=20382"}],"wp:term":[{"taxonomy":"category","embeddable":true,"href":"https:\/\/blogs.correiobraziliense.com.br\/servidor\/wp-json\/wp\/v2\/categories?post=20382"},{"taxonomy":"post_tag","embeddable":true,"href":"https:\/\/blogs.correiobraziliense.com.br\/servidor\/wp-json\/wp\/v2\/tags?post=20382"}],"curies":[{"name":"wp","href":"https:\/\/api.w.org\/{rel}","templated":true}]}}