{"id":20371,"date":"2021-08-12T15:08:06","date_gmt":"2021-08-12T18:08:06","guid":{"rendered":"https:\/\/blogs.correiobraziliense.com.br\/servidor\/?p=20371"},"modified":"2021-08-12T15:09:14","modified_gmt":"2021-08-12T18:09:14","slug":"confirmada-greve-de-servidores-contra-reforma-administrativa-em-18-de-agosto","status":"publish","type":"post","link":"https:\/\/blogs.correiobraziliense.com.br\/servidor\/confirmada-greve-de-servidores-contra-reforma-administrativa-em-18-de-agosto\/","title":{"rendered":"Confirmada greve de servidores contra reforma administrativa em 18 de agosto"},"content":{"rendered":"<p><em><strong>Trabalhadores do servi\u00e7o p\u00fablico das tr\u00eas esferas far\u00e3o uma greve de 24 horas, manifesta\u00e7\u00f5es e paralisa\u00e7\u00f5es, contra a Proposta de Emenda \u00e0 Constitui\u00e7\u00e3o 32 de 2020 (PEC32), que define as regras da reforma administrativa, em discuss\u00e3o no Congresso Nacional<\/strong><\/em><\/p>\n<p><img loading=\"lazy\" decoding=\"async\" class=\"alignright size-full wp-image-19542\" src=\"https:\/\/blogs.correiobraziliense.com.br\/servidor\/wp-content\/uploads\/sites\/10\/2021\/05\/PRIVILEGIO-CUT-SP.jpg\" alt=\"\" width=\"700\" height=\"460\" srcset=\"https:\/\/blogs.correiobraziliense.com.br\/servidor\/wp-content\/uploads\/sites\/10\/2021\/05\/PRIVILEGIO-CUT-SP.jpg 700w, https:\/\/blogs.correiobraziliense.com.br\/servidor\/wp-content\/uploads\/sites\/10\/2021\/05\/PRIVILEGIO-CUT-SP-300x197.jpg 300w, https:\/\/blogs.correiobraziliense.com.br\/servidor\/wp-content\/uploads\/sites\/10\/2021\/05\/PRIVILEGIO-CUT-SP-550x361.jpg 550w, https:\/\/blogs.correiobraziliense.com.br\/servidor\/wp-content\/uploads\/sites\/10\/2021\/05\/PRIVILEGIO-CUT-SP-230x151.jpg 230w\" sizes=\"auto, (max-width: 700px) 100vw, 700px\" \/><\/p>\n<p>A data foi definida no Encontro Nacional dos Trabalhadores do Servi\u00e7o P\u00fablico, que aconteceu no final do m\u00eas de julho organizado pelas centrais sindicais, os movimentos organizados dos trabalhadores, Frentes Parlamentares e f\u00f3runs, entre eles, o F\u00f3rum das Entidades Nacionais dos Servidores P\u00fablicos Federais (Fonasef).<\/p>\n<p>O Encontro, que representou servidores das esferas municipais, estaduais e federais, resultou na constru\u00e7\u00e3o de uma agenda nacional de mobiliza\u00e7\u00f5es e atos contra a PEC 32.<\/p>\n<p>O pr\u00f3ximo e principal evento desta agenda e a freve do setor p\u00fablico \u2013 Dia Nacional de Mobiliza\u00e7\u00e3o, no dia 18 de agosto.<\/p>\n<p>Tamb\u00e9m est\u00e1 na pauta de reivindica\u00e7\u00f5es a luta contra as privatiza\u00e7\u00f5es e a infla\u00e7\u00e3o, a defesa do aux\u00edlio emergencial de R$ 600, por vacina j\u00e1 para todos, e a defesa de emprego para os trabalhadores e trabalhadoras.<\/p>\n<p>&#8220;A greve e manifesta\u00e7\u00f5es no dia pretendem ampliar o engajamento da sociedade no enfrentamento a esta reforma, que, caso aprovada, acarretar\u00e1 no desmonte dos servi\u00e7os p\u00fablicos al\u00e9m de abrir as portas para a privatiza\u00e7\u00e3o&#8221;, informam os organizadores.<\/p>\n","protected":false},"excerpt":{"rendered":"<p>Trabalhadores do servi\u00e7o p\u00fablico das tr\u00eas esferas far\u00e3o uma greve de 24 horas, manifesta\u00e7\u00f5es e paralisa\u00e7\u00f5es, contra a Proposta de Emenda \u00e0 Constitui\u00e7\u00e3o 32 de 2020 (PEC32), que define as regras da reforma administrativa, em discuss\u00e3o no Congresso Nacional A data foi definida no Encontro Nacional dos Trabalhadores do Servi\u00e7o P\u00fablico, que aconteceu no final do m\u00eas de julho organizado [&hellip;]<\/p>\n","protected":false},"author":27,"featured_media":0,"comment_status":"open","ping_status":"closed","sticky":false,"template":"","format":"standard","meta":{"footnotes":""},"categories":[2719],"tags":[17262,197,1689,59,15,240,1734,1690,498,18170,1344,24,15938,58,351],"class_list":["post-20371","post","type-post","status-publish","format-standard","hentry","category-servidor","tag-auxilio-emergencial","tag-emprego","tag-estaduais","tag-federais","tag-greve","tag-inflacao","tag-manifestacoes","tag-municipais","tag-paralisacoes","tag-pec-32-2020","tag-privatizacoes","tag-publicos","tag-reforma-administrativa","tag-servidores","tag-sociedade"],"_links":{"self":[{"href":"https:\/\/blogs.correiobraziliense.com.br\/servidor\/wp-json\/wp\/v2\/posts\/20371","targetHints":{"allow":["GET"]}}],"collection":[{"href":"https:\/\/blogs.correiobraziliense.com.br\/servidor\/wp-json\/wp\/v2\/posts"}],"about":[{"href":"https:\/\/blogs.correiobraziliense.com.br\/servidor\/wp-json\/wp\/v2\/types\/post"}],"author":[{"embeddable":true,"href":"https:\/\/blogs.correiobraziliense.com.br\/servidor\/wp-json\/wp\/v2\/users\/27"}],"replies":[{"embeddable":true,"href":"https:\/\/blogs.correiobraziliense.com.br\/servidor\/wp-json\/wp\/v2\/comments?post=20371"}],"version-history":[{"count":2,"href":"https:\/\/blogs.correiobraziliense.com.br\/servidor\/wp-json\/wp\/v2\/posts\/20371\/revisions"}],"predecessor-version":[{"id":20373,"href":"https:\/\/blogs.correiobraziliense.com.br\/servidor\/wp-json\/wp\/v2\/posts\/20371\/revisions\/20373"}],"wp:attachment":[{"href":"https:\/\/blogs.correiobraziliense.com.br\/servidor\/wp-json\/wp\/v2\/media?parent=20371"}],"wp:term":[{"taxonomy":"category","embeddable":true,"href":"https:\/\/blogs.correiobraziliense.com.br\/servidor\/wp-json\/wp\/v2\/categories?post=20371"},{"taxonomy":"post_tag","embeddable":true,"href":"https:\/\/blogs.correiobraziliense.com.br\/servidor\/wp-json\/wp\/v2\/tags?post=20371"}],"curies":[{"name":"wp","href":"https:\/\/api.w.org\/{rel}","templated":true}]}}