{"id":20366,"date":"2021-08-12T14:45:35","date_gmt":"2021-08-12T17:45:35","guid":{"rendered":"https:\/\/blogs.correiobraziliense.com.br\/servidor\/?p=20366"},"modified":"2021-08-12T14:46:20","modified_gmt":"2021-08-12T17:46:20","slug":"justica-determina-que-servidora-com-cancer-permaneca-em-trabalho-remoto","status":"publish","type":"post","link":"https:\/\/blogs.correiobraziliense.com.br\/servidor\/justica-determina-que-servidora-com-cancer-permaneca-em-trabalho-remoto\/","title":{"rendered":"Justi\u00e7a determina que servidora com c\u00e2ncer  permane\u00e7a em trabalho remoto"},"content":{"rendered":"<p><em><strong>Na \u00faltima quarta-feira (11), a 1\u00ba Vara de Americana deferiu pedido de tutela de urg\u00eancia para que uma perita m\u00e9dica federal permane\u00e7a em trabalho remoto por ter c\u00e2ncer de c\u00f3lon. Desde 1\u00ba de agosto, todos os peritos m\u00e9dicos foram obrigados a retornar ao regime presencial pela Subsecretaria da Per\u00edcia M\u00e9dica Federal (SPMF).<\/strong><\/em><\/p>\n<p><img loading=\"lazy\" decoding=\"async\" class=\"alignright size-full wp-image-18787\" src=\"https:\/\/blogs.correiobraziliense.com.br\/servidor\/wp-content\/uploads\/sites\/10\/2021\/01\/banner-coronavirus-home.png\" alt=\"\" width=\"575\" height=\"250\" srcset=\"https:\/\/blogs.correiobraziliense.com.br\/servidor\/wp-content\/uploads\/sites\/10\/2021\/01\/banner-coronavirus-home.png 575w, https:\/\/blogs.correiobraziliense.com.br\/servidor\/wp-content\/uploads\/sites\/10\/2021\/01\/banner-coronavirus-home-300x130.png 300w, https:\/\/blogs.correiobraziliense.com.br\/servidor\/wp-content\/uploads\/sites\/10\/2021\/01\/banner-coronavirus-home-550x239.png 550w, https:\/\/blogs.correiobraziliense.com.br\/servidor\/wp-content\/uploads\/sites\/10\/2021\/01\/banner-coronavirus-home-230x100.png 230w\" sizes=\"auto, (max-width: 575px) 100vw, 575px\" \/><\/p>\n<p>De acordo com a decis\u00e3o, em raz\u00e3o da pandemia da covid-19, o direito de a servidora permanecer em trabalho remoto \u00e9 garantido pela Instru\u00e7\u00e3o Normativa no 109\/2020, do Minist\u00e9rio da Economia, que estabeleceu, no art. 7\u00ba, que devem ser priorizados para o trabalho remoto, dentre outros, os servidores com neoplasia maligna.<\/p>\n<p>Para o advogado da servidora, Paulo Liporaci, s\u00f3cio do Paulo Liporaci Advogados, o Judici\u00e1rio tem atuado corretamente para coibir a postura irrefletida do Poder Executivo, que tem exigido o retorno ao trabalho presencial por servidores com doen\u00e7as graves.<\/p>\n<p>\u201cA pandemia do coronav\u00edrus ainda n\u00e3o acabou e, mesmo com o avan\u00e7o do ritmo de imuniza\u00e7\u00e3o da popula\u00e7\u00e3o, os especialistas informam que o risco de contamina\u00e7\u00e3o e de \u00f3bito ainda persiste. Apesar disso, a Administra\u00e7\u00e3o tem exigido o retorno compuls\u00f3rio de todos os servidores ao regime de trabalho presencial e ignora o fato de que, nesse grupo, existem indiv\u00edduos que, mesmo vacinados, ainda podem desenvolver formas graves da doen\u00e7a\u201d, ressalta o advogado.<\/p>\n","protected":false},"excerpt":{"rendered":"<p>Na \u00faltima quarta-feira (11), a 1\u00ba Vara de Americana deferiu pedido de tutela de urg\u00eancia para que uma perita m\u00e9dica federal permane\u00e7a em trabalho remoto por ter c\u00e2ncer de c\u00f3lon. Desde 1\u00ba de agosto, todos os peritos m\u00e9dicos foram obrigados a retornar ao regime presencial pela Subsecretaria da Per\u00edcia M\u00e9dica Federal (SPMF). De acordo com a decis\u00e3o, em raz\u00e3o da [&hellip;]<\/p>\n","protected":false},"author":27,"featured_media":0,"comment_status":"open","ping_status":"closed","sticky":false,"template":"","format":"standard","meta":{"footnotes":""},"categories":[2719],"tags":[785,10474,16896,10959,3073,5864,2733,7472,4162,18203,261],"class_list":["post-20366","post","type-post","status-publish","format-standard","hentry","category-servidor","tag-cancer","tag-contaminacao","tag-coronavirus","tag-imunizacao","tag-medica","tag-obitos","tag-pericia","tag-remoto","tag-servidora","tag-spmf","tag-trabalho"],"_links":{"self":[{"href":"https:\/\/blogs.correiobraziliense.com.br\/servidor\/wp-json\/wp\/v2\/posts\/20366","targetHints":{"allow":["GET"]}}],"collection":[{"href":"https:\/\/blogs.correiobraziliense.com.br\/servidor\/wp-json\/wp\/v2\/posts"}],"about":[{"href":"https:\/\/blogs.correiobraziliense.com.br\/servidor\/wp-json\/wp\/v2\/types\/post"}],"author":[{"embeddable":true,"href":"https:\/\/blogs.correiobraziliense.com.br\/servidor\/wp-json\/wp\/v2\/users\/27"}],"replies":[{"embeddable":true,"href":"https:\/\/blogs.correiobraziliense.com.br\/servidor\/wp-json\/wp\/v2\/comments?post=20366"}],"version-history":[{"count":2,"href":"https:\/\/blogs.correiobraziliense.com.br\/servidor\/wp-json\/wp\/v2\/posts\/20366\/revisions"}],"predecessor-version":[{"id":20368,"href":"https:\/\/blogs.correiobraziliense.com.br\/servidor\/wp-json\/wp\/v2\/posts\/20366\/revisions\/20368"}],"wp:attachment":[{"href":"https:\/\/blogs.correiobraziliense.com.br\/servidor\/wp-json\/wp\/v2\/media?parent=20366"}],"wp:term":[{"taxonomy":"category","embeddable":true,"href":"https:\/\/blogs.correiobraziliense.com.br\/servidor\/wp-json\/wp\/v2\/categories?post=20366"},{"taxonomy":"post_tag","embeddable":true,"href":"https:\/\/blogs.correiobraziliense.com.br\/servidor\/wp-json\/wp\/v2\/tags?post=20366"}],"curies":[{"name":"wp","href":"https:\/\/api.w.org\/{rel}","templated":true}]}}