{"id":20364,"date":"2021-08-12T11:25:25","date_gmt":"2021-08-12T14:25:25","guid":{"rendered":"https:\/\/blogs.correiobraziliense.com.br\/servidor\/?p=20364"},"modified":"2021-08-12T11:25:25","modified_gmt":"2021-08-12T14:25:25","slug":"jabutis-na-mp-1045","status":"publish","type":"post","link":"https:\/\/blogs.correiobraziliense.com.br\/servidor\/jabutis-na-mp-1045\/","title":{"rendered":"Jabutis na MP 1045\u00a0"},"content":{"rendered":"<p><em><strong>O Supremo Tribunal Federal afirma que \u00e9 inconstitucional e antidemocr\u00e1tico inserir temas estranhos em texto original de uma medida provis\u00f3ria<\/strong><\/em><\/p>\n<p><em><strong>Miguel Torres*<\/strong><\/em><\/p>\n<p><img loading=\"lazy\" decoding=\"async\" class=\"alignright size-large wp-image-19226\" src=\"https:\/\/blogs.correiobraziliense.com.br\/servidor\/wp-content\/uploads\/sites\/10\/2021\/03\/MIGUEL-TORRES-FOTO-1024x681.jpg\" alt=\"\" width=\"1024\" height=\"681\" srcset=\"https:\/\/blogs.correiobraziliense.com.br\/servidor\/wp-content\/uploads\/sites\/10\/2021\/03\/MIGUEL-TORRES-FOTO-1024x681.jpg 1024w, https:\/\/blogs.correiobraziliense.com.br\/servidor\/wp-content\/uploads\/sites\/10\/2021\/03\/MIGUEL-TORRES-FOTO-300x199.jpg 300w, https:\/\/blogs.correiobraziliense.com.br\/servidor\/wp-content\/uploads\/sites\/10\/2021\/03\/MIGUEL-TORRES-FOTO-768x511.jpg 768w, https:\/\/blogs.correiobraziliense.com.br\/servidor\/wp-content\/uploads\/sites\/10\/2021\/03\/MIGUEL-TORRES-FOTO-800x532.jpg 800w, https:\/\/blogs.correiobraziliense.com.br\/servidor\/wp-content\/uploads\/sites\/10\/2021\/03\/MIGUEL-TORRES-FOTO-550x366.jpg 550w, https:\/\/blogs.correiobraziliense.com.br\/servidor\/wp-content\/uploads\/sites\/10\/2021\/03\/MIGUEL-TORRES-FOTO-230x153.jpg 230w, https:\/\/blogs.correiobraziliense.com.br\/servidor\/wp-content\/uploads\/sites\/10\/2021\/03\/MIGUEL-TORRES-FOTO.jpg 1205w\" sizes=\"auto, (max-width: 1024px) 100vw, 1024px\" \/><\/p>\n<p>Esta posi\u00e7\u00e3o do STF \u00e9 um dos motivos que nos levam a repudiar as mudan\u00e7as aprovadas na C\u00e2mara dos Deputados, no dia 10 de agosto de 2021, no texto da MP 1045, que originalmente visa reeditar regras para a manuten\u00e7\u00e3o dos postos de trabalho, durante a pandemia da covid, atrav\u00e9s da redu\u00e7\u00e3o de jornada e sal\u00e1rios e a suspens\u00e3o de contratos.<\/p>\n<p>Os temas estranhos, que apelidamos de \u201cjabutis\u201d, inseridos nesta medida provis\u00f3ria 1045, s\u00e3o para reduzir ainda mais os direitos trabalhistas da classe trabalhadora, impor o trabalho prec\u00e1rio, dificultar a fiscaliza\u00e7\u00e3o dos ambientes de trabalho, impedir o acesso da classe trabalhadora \u00e0 Justi\u00e7a e afastar os Sindicatos das negocia\u00e7\u00f5es com os patr\u00f5es, deixando os trabalhadores e trabalhadoras mais vulner\u00e1veis nas rela\u00e7\u00f5es de trabalho, entre outras estranhezas.<\/p>\n<p>Alegam os autores destes \u201cjabutis\u201d que as emendas inseridas na MP 1045 s\u00e3o para gerar emprego. Balela! A reforma trabalhista, que acaba de completar 4 anos, n\u00e3o gerou os milh\u00f5es de empregos prometidos.<\/p>\n<p>Estes \u201cjabutis\u201d s\u00e3o na verdade uma tentativa de continuar a nefasta reforma trabalhista do governo Temer, resgatar os horrores da MP da carteira de trabalho verde e amarela do governo atual e fazer o Brasil retroceder ao tempo da escravid\u00e3o.<\/p>\n<p>O desemprego se combate com investimentos, empregos de qualidade com direitos e renda digna. Portanto, reafirmo aqui a posi\u00e7\u00e3o de rep\u00fadio das centrais sindicais contra as mudan\u00e7as aprovadas na C\u00e2mara dos Deputados.<\/p>\n<p>Continuaremos atuando junto ao Senado Federal para que a MP no 1045 retome o seu objeto inicial e o di\u00e1logo prevale\u00e7a. A luta faz a lei!<\/p>\n<p><em>*Miguel Torres<\/em> &#8211;\u00a0Presidente da For\u00e7a Sindical, da CNTM (Confedera\u00e7\u00e3o Nacional dos Trabalhadores Metal\u00fargicos) e do Sindicato dos Metal\u00fargicos de S\u00e3o Paulo e Mogi das Cruzes<\/p>\n","protected":false},"excerpt":{"rendered":"<p>O Supremo Tribunal Federal afirma que \u00e9 inconstitucional e antidemocr\u00e1tico inserir temas estranhos em texto original de uma medida provis\u00f3ria Miguel Torres* Esta posi\u00e7\u00e3o do STF \u00e9 um dos motivos que nos levam a repudiar as mudan\u00e7as aprovadas na C\u00e2mara dos Deputados, no dia 10 de agosto de 2021, no texto da MP 1045, que originalmente visa reeditar regras para [&hellip;]<\/p>\n","protected":false},"author":27,"featured_media":0,"comment_status":"open","ping_status":"closed","sticky":false,"template":"","format":"standard","meta":{"footnotes":""},"categories":[2719],"tags":[17364,1101,619,197,4691,291,7264,3413,19193,894,9253,358,705,440,34,19,261],"class_list":["post-20364","post","type-post","status-publish","format-standard","hentry","category-servidor","tag-carteira-de-trabalho-verde-e-amarela","tag-centrais-sindicais","tag-direitos","tag-emprego","tag-escravidao","tag-inconstitucional","tag-jabutis","tag-medida-provisoria","tag-mp-1-045-2021","tag-negociacoes","tag-reforma-trabalhista","tag-renda","tag-retrocesso","tag-sindicato","tag-stf","tag-trabalhadores","tag-trabalho"],"_links":{"self":[{"href":"https:\/\/blogs.correiobraziliense.com.br\/servidor\/wp-json\/wp\/v2\/posts\/20364","targetHints":{"allow":["GET"]}}],"collection":[{"href":"https:\/\/blogs.correiobraziliense.com.br\/servidor\/wp-json\/wp\/v2\/posts"}],"about":[{"href":"https:\/\/blogs.correiobraziliense.com.br\/servidor\/wp-json\/wp\/v2\/types\/post"}],"author":[{"embeddable":true,"href":"https:\/\/blogs.correiobraziliense.com.br\/servidor\/wp-json\/wp\/v2\/users\/27"}],"replies":[{"embeddable":true,"href":"https:\/\/blogs.correiobraziliense.com.br\/servidor\/wp-json\/wp\/v2\/comments?post=20364"}],"version-history":[{"count":1,"href":"https:\/\/blogs.correiobraziliense.com.br\/servidor\/wp-json\/wp\/v2\/posts\/20364\/revisions"}],"predecessor-version":[{"id":20365,"href":"https:\/\/blogs.correiobraziliense.com.br\/servidor\/wp-json\/wp\/v2\/posts\/20364\/revisions\/20365"}],"wp:attachment":[{"href":"https:\/\/blogs.correiobraziliense.com.br\/servidor\/wp-json\/wp\/v2\/media?parent=20364"}],"wp:term":[{"taxonomy":"category","embeddable":true,"href":"https:\/\/blogs.correiobraziliense.com.br\/servidor\/wp-json\/wp\/v2\/categories?post=20364"},{"taxonomy":"post_tag","embeddable":true,"href":"https:\/\/blogs.correiobraziliense.com.br\/servidor\/wp-json\/wp\/v2\/tags?post=20364"}],"curies":[{"name":"wp","href":"https:\/\/api.w.org\/{rel}","templated":true}]}}