{"id":20356,"date":"2021-08-11T22:59:31","date_gmt":"2021-08-12T01:59:31","guid":{"rendered":"https:\/\/blogs.correiobraziliense.com.br\/servidor\/?p=20356"},"modified":"2021-08-11T22:59:31","modified_gmt":"2021-08-12T01:59:31","slug":"microempreendedores-individuais-mei-devem-regularizar-dividas-ate-31-de-agosto","status":"publish","type":"post","link":"https:\/\/blogs.correiobraziliense.com.br\/servidor\/microempreendedores-individuais-mei-devem-regularizar-dividas-ate-31-de-agosto\/","title":{"rendered":"Microempreendedores Individuais (MEI) devem regularizar d\u00edvidas at\u00e9 31 de agosto"},"content":{"rendered":"<p><em><strong>Para evitar que suas d\u00edvidas sejam cobradas na Justi\u00e7a, o Microempreendedor Individual (MEI) precisa quitar ou parcelar seus d\u00e9bitos at\u00e9 o fim deste m\u00eas.\u00a0A partir de setembro, a Receita Federal encaminhar\u00e1 os d\u00e9bitos apurados nas Declara\u00e7\u00f5es Anuais Simplificadas para o MEI (DASN-Simei) n\u00e3o regularizados para inscri\u00e7\u00e3o em D\u00edvida Ativa. Essa d\u00edvida ser\u00e1 cobrada na justi\u00e7a com juros e outros encargos previstos em lei.<\/strong><\/em><\/p>\n<p><img loading=\"lazy\" decoding=\"async\" class=\"alignright size-full wp-image-20357\" src=\"https:\/\/blogs.correiobraziliense.com.br\/servidor\/wp-content\/uploads\/sites\/10\/2021\/08\/D\u00cdVIDAS.jpg\" alt=\"\" width=\"626\" height=\"626\" srcset=\"https:\/\/blogs.correiobraziliense.com.br\/servidor\/wp-content\/uploads\/sites\/10\/2021\/08\/D\u00cdVIDAS.jpg 626w, https:\/\/blogs.correiobraziliense.com.br\/servidor\/wp-content\/uploads\/sites\/10\/2021\/08\/D\u00cdVIDAS-150x150.jpg 150w, https:\/\/blogs.correiobraziliense.com.br\/servidor\/wp-content\/uploads\/sites\/10\/2021\/08\/D\u00cdVIDAS-300x300.jpg 300w, https:\/\/blogs.correiobraziliense.com.br\/servidor\/wp-content\/uploads\/sites\/10\/2021\/08\/D\u00cdVIDAS-550x550.jpg 550w, https:\/\/blogs.correiobraziliense.com.br\/servidor\/wp-content\/uploads\/sites\/10\/2021\/08\/D\u00cdVIDAS-230x230.jpg 230w\" sizes=\"auto, (max-width: 626px) 100vw, 626px\" \/><\/p>\n<p>A situa\u00e7\u00e3o pode ser resolvida pelo pagamento dos d\u00e9bitos, utilizando o Documento de Arrecada\u00e7\u00e3o do Simples Nacional (DAS), ou parcelamento, at\u00e9 o dia 31 de agosto de 2021, ensina especialistas da King Contabilidade.<\/p>\n<p>A formaliza\u00e7\u00e3o do pedido de parcelamento deve ser feito diretamente no Portal do Simples Nacional at\u00e9 o dia 31. Esse pedido somente ser\u00e1 deferido mediante pagamento da primeira parcela, na mesma data.<\/p>\n<p><strong>Passo a passo:<\/strong><\/p>\n<p>\u00b7 1 &#8211; Solicitar o parcelamento &#8220;Portal do Simples Nacional&#8221; SIMEI at\u00e9 31\/08\/21;<\/p>\n<p>\u00b7 2 &#8211; Efetuar o pagamento da primeira parcela at\u00e9 31\/08\/2021.<\/p>\n<p>A emiss\u00e3o da DAS, tanto para o pagamento \u00e0 vista quanto para o parcelamento, poder\u00e1 tamb\u00e9m ser emitida pelo app MEI, dispon\u00edvel para celulares Android ou iOS.<\/p>\n<p>Os d\u00e9bitos em cobran\u00e7a podem ser consultados no PGMEI (vers\u00e3o completa), com certificado digital ou c\u00f3digo de acesso, na op\u00e7\u00e3o &#8220;Consulta Extrato\/Pend\u00eancias\u201d &gt; \u201cConsulta Pend\u00eancias no Simei\u201d. Esta op\u00e7\u00e3o tamb\u00e9m permite a gera\u00e7\u00e3o do DAS para pagamento.<\/p>\n<p><strong>O Le\u00e3o<\/strong><\/p>\n<p>A partir de setembro, a Receita Federal encaminhar\u00e1 os d\u00e9bitos apurados nas Declara\u00e7\u00f5es Anuais Simplificadas para o Microempreendedor Individual (DASN-Simei) n\u00e3o regularizados para inscri\u00e7\u00e3o em D\u00edvida Ativa. Essa d\u00edvida ser\u00e1 cobrada na justi\u00e7a com juros e outros encargos previstos em lei.<\/p>\n<p>Regularizando sua situa\u00e7\u00e3o at\u00e9 31 de agosto, o MEI evitar\u00e1 a cobran\u00e7a judicial da d\u00edvida inscrita e outras consequ\u00eancias como: deixar de ser segurado do INSS, perdendo assim os benef\u00edcios previdenci\u00e1rios, tais como aposentadoria, aux\u00edlio doen\u00e7a, dentre outros; ter seu Cadastro Nacional da Pessoa Jur\u00eddica (CNPJ) cancelado; ser exclu\u00eddo dos regimes Simples Nacional e Simei pela Receita Federal, Estados e Munic\u00edpios; ter dificuldade na obten\u00e7\u00e3o de financiamentos e empr\u00e9stimos; entre outras.<\/p>\n<p>&nbsp;<\/p>\n","protected":false},"excerpt":{"rendered":"<p>Para evitar que suas d\u00edvidas sejam cobradas na Justi\u00e7a, o Microempreendedor Individual (MEI) precisa quitar ou parcelar seus d\u00e9bitos at\u00e9 o fim deste m\u00eas.\u00a0A partir de setembro, a Receita Federal encaminhar\u00e1 os d\u00e9bitos apurados nas Declara\u00e7\u00f5es Anuais Simplificadas para o MEI (DASN-Simei) n\u00e3o regularizados para inscri\u00e7\u00e3o em D\u00edvida Ativa. Essa d\u00edvida ser\u00e1 cobrada na justi\u00e7a com juros e outros encargos [&hellip;]<\/p>\n","protected":false},"author":27,"featured_media":0,"comment_status":"open","ping_status":"closed","sticky":false,"template":"","format":"standard","meta":{"footnotes":""},"categories":[2719],"tags":[6,852,956,2396,19187,7894,1247,476,1291,11,951,3124,19185,151,667,19186,294],"class_list":["post-20356","post","type-post","status-publish","format-standard","hentry","category-servidor","tag-aposentadoria","tag-beneficios","tag-cobranca","tag-das","tag-dasn-simei","tag-divida-ativa","tag-dividas","tag-individuais","tag-inscricao","tag-inss","tag-judicial","tag-mei","tag-microempreendedores","tag-pagamento","tag-parcelamento","tag-pgmei","tag-receita-federal"],"_links":{"self":[{"href":"https:\/\/blogs.correiobraziliense.com.br\/servidor\/wp-json\/wp\/v2\/posts\/20356","targetHints":{"allow":["GET"]}}],"collection":[{"href":"https:\/\/blogs.correiobraziliense.com.br\/servidor\/wp-json\/wp\/v2\/posts"}],"about":[{"href":"https:\/\/blogs.correiobraziliense.com.br\/servidor\/wp-json\/wp\/v2\/types\/post"}],"author":[{"embeddable":true,"href":"https:\/\/blogs.correiobraziliense.com.br\/servidor\/wp-json\/wp\/v2\/users\/27"}],"replies":[{"embeddable":true,"href":"https:\/\/blogs.correiobraziliense.com.br\/servidor\/wp-json\/wp\/v2\/comments?post=20356"}],"version-history":[{"count":1,"href":"https:\/\/blogs.correiobraziliense.com.br\/servidor\/wp-json\/wp\/v2\/posts\/20356\/revisions"}],"predecessor-version":[{"id":20358,"href":"https:\/\/blogs.correiobraziliense.com.br\/servidor\/wp-json\/wp\/v2\/posts\/20356\/revisions\/20358"}],"wp:attachment":[{"href":"https:\/\/blogs.correiobraziliense.com.br\/servidor\/wp-json\/wp\/v2\/media?parent=20356"}],"wp:term":[{"taxonomy":"category","embeddable":true,"href":"https:\/\/blogs.correiobraziliense.com.br\/servidor\/wp-json\/wp\/v2\/categories?post=20356"},{"taxonomy":"post_tag","embeddable":true,"href":"https:\/\/blogs.correiobraziliense.com.br\/servidor\/wp-json\/wp\/v2\/tags?post=20356"}],"curies":[{"name":"wp","href":"https:\/\/api.w.org\/{rel}","templated":true}]}}