{"id":20343,"date":"2021-08-10T13:39:34","date_gmt":"2021-08-10T16:39:34","guid":{"rendered":"https:\/\/blogs.correiobraziliense.com.br\/servidor\/?p=20343"},"modified":"2021-08-10T13:39:34","modified_gmt":"2021-08-10T16:39:34","slug":"no-dia-do-economista-afipea-lanca-livro-com-debate-e-sorteios","status":"publish","type":"post","link":"https:\/\/blogs.correiobraziliense.com.br\/servidor\/no-dia-do-economista-afipea-lanca-livro-com-debate-e-sorteios\/","title":{"rendered":"No Dia do Economista, Afipea lan\u00e7a livro com debate e sorteios"},"content":{"rendered":"<p><em><strong>Na pr\u00f3xima sexta-feira (13 ago), data em que se comemora o Dia do Economista, a Afipea lan\u00e7a o livro Rumo ao Mundo de Francisco: economia, humanismo e ecologia em tempos de crise, de autoria de Guilherme Costa Delgado, servidor do Ipea por 32 anos (l976\/2007), membro associado da Afipea-Sindical, atualmente da diretoria da Associa\u00e7\u00e3o Brasileira de Reforma Agr\u00e1ria (Abra). O evento online, ser\u00e1 a partir das 10h, pelo YouTube da Afipea Sindical.<\/strong><\/em><\/p>\n<p>Com essa publica\u00e7\u00e3o, Guilherme Delgado chega ao seu quinto livro autoral. Partindo do resgate e desenvolvimentos recentes da chamada Economia de Francisco, a obra, influenciada pelas enc\u00edclicas e debates deflagrados pelo Papa Francisco mundo afora, realiza a cr\u00edtica das vis\u00f5es ortodoxas e heterodoxas da ci\u00eancia econ\u00f4mica contempor\u00e2nea, bem como prop\u00f5e uma interpreta\u00e7\u00e3o dessacralizada da vida e atos de Jesus e dos escritos b\u00edblicos, como forma de mostrar que boa parte dos fundamentos te\u00f3rico-hist\u00f3ricos do humanismo e da economia ecol\u00f3gica presentes nos escritos e discursos do Papa Francisco, tanto derivam daqueles quanto projetam a sa\u00edda necess\u00e1ria e poss\u00edvel para a humanidade.<\/p>\n<p>&#8220;\u00c9, portanto, uma leitura indispens\u00e1vel para nos libertarmos das amarras intelectuais, ideol\u00f3gicas e (i\/a)morais do presente, ainda mais quando exacerbadas pela atual cat\u00e1strofe sanit\u00e1ria global da covid-19, lan\u00e7ando luz sobre a dimens\u00e3o \u00e9tica e inescapavelmente humana e ecol\u00f3gica do desenvolvimento econ\u00f4mico e social a futuro&#8221;, analisa Jos\u00e9 Celso Cardoso Jr., presidente da Afipea-Sindical.<\/p>\n<p>O evento ainda conta com a presen\u00e7a dos seguintes debatedores do livro:<\/p>\n<p>Edla Lula &#8211; Jornalista com enfoque em economia pol\u00edtica do Brasil, tendo atuado na cobertura de Economia por v\u00e1rios \u00f3rg\u00e3os de comunica\u00e7\u00e3o como o jornal Brasil Econ\u00f4mico, Jornal do Brasil e Empresa Brasil de Comunica\u00e7\u00e3o (EBC). Dirigiu a R\u00e1dio Nova Alian\u00e7a, em Bras\u00edlia. Integra a equipe Di\u00e1logos em Constru\u00e7\u00e3o, do Observat\u00f3rio de Justi\u00e7a Socioambiental Luciano Mendes de Almeida (OLMA). Especializa\u00e7\u00e3o em Comunica\u00e7\u00e3o, M\u00eddia e Pol\u00edtica pela Universidade Federal da Bahia (UFBA).<\/p>\n<p>Yamila Goldfarb &#8211; Doutora em geografia, pesquisadora e ativista das quest\u00f5es agr\u00e1rias e de seguran\u00e7a alimentar e nutricional e atualmente \u00e9 vice-presidente da Abra.<\/p>\n<p>Roberto Passos Nogueira &#8211; M\u00e9dico pela Universidade Federal do Cear\u00e1, mestre e doutor em medicina social pela Universidade do Estado do Rio de Janeiro e pesquisador em exerc\u00edcio do Instituto de Pesquisa Econ\u00f4mica Aplicada (IPEA).<\/p>\n<p>Al\u00e9m do debate, tamb\u00e9m ser\u00e3o sorteados exemplares impressos do livro aos telespectadores presentes no evento. Mas a obra pode ser tamb\u00e9m acessada pelo site Publica\u00e7\u00f5es &#8211; Afipea (<a href=\"http:\/\/afipeasindical.org.br\">afipeasindical.org.br<\/a>) ou <a href=\"\/Users\/verab\/Downloads\/Livro%20Afipea%202021%20-%20Rumo%20ao%20Mundo%20de%20Francisco%20-%20G.Delgado%20VF.pdf\">PD<\/a>F.<\/p>\n<p>&nbsp;<\/p>\n","protected":false},"excerpt":{"rendered":"<p>Na pr\u00f3xima sexta-feira (13 ago), data em que se comemora o Dia do Economista, a Afipea lan\u00e7a o livro Rumo ao Mundo de Francisco: economia, humanismo e ecologia em tempos de crise, de autoria de Guilherme Costa Delgado, servidor do Ipea por 32 anos (l976\/2007), membro associado da Afipea-Sindical, atualmente da diretoria da Associa\u00e7\u00e3o Brasileira de Reforma Agr\u00e1ria (Abra). O [&hellip;]<\/p>\n","protected":false},"author":27,"featured_media":0,"comment_status":"open","ping_status":"closed","sticky":false,"template":"","format":"standard","meta":{"footnotes":""},"categories":[2719],"tags":[17746,5332,366,19181,19182,6912,1317,1079,18376,8],"class_list":["post-20343","post","type-post","status-publish","format-standard","hentry","category-servidor","tag-afipea","tag-ciencia","tag-crise","tag-dia-do-economista","tag-francisco","tag-humanidade","tag-lancamento","tag-livro","tag-papa","tag-servidor"],"_links":{"self":[{"href":"https:\/\/blogs.correiobraziliense.com.br\/servidor\/wp-json\/wp\/v2\/posts\/20343","targetHints":{"allow":["GET"]}}],"collection":[{"href":"https:\/\/blogs.correiobraziliense.com.br\/servidor\/wp-json\/wp\/v2\/posts"}],"about":[{"href":"https:\/\/blogs.correiobraziliense.com.br\/servidor\/wp-json\/wp\/v2\/types\/post"}],"author":[{"embeddable":true,"href":"https:\/\/blogs.correiobraziliense.com.br\/servidor\/wp-json\/wp\/v2\/users\/27"}],"replies":[{"embeddable":true,"href":"https:\/\/blogs.correiobraziliense.com.br\/servidor\/wp-json\/wp\/v2\/comments?post=20343"}],"version-history":[{"count":1,"href":"https:\/\/blogs.correiobraziliense.com.br\/servidor\/wp-json\/wp\/v2\/posts\/20343\/revisions"}],"predecessor-version":[{"id":20345,"href":"https:\/\/blogs.correiobraziliense.com.br\/servidor\/wp-json\/wp\/v2\/posts\/20343\/revisions\/20345"}],"wp:attachment":[{"href":"https:\/\/blogs.correiobraziliense.com.br\/servidor\/wp-json\/wp\/v2\/media?parent=20343"}],"wp:term":[{"taxonomy":"category","embeddable":true,"href":"https:\/\/blogs.correiobraziliense.com.br\/servidor\/wp-json\/wp\/v2\/categories?post=20343"},{"taxonomy":"post_tag","embeddable":true,"href":"https:\/\/blogs.correiobraziliense.com.br\/servidor\/wp-json\/wp\/v2\/tags?post=20343"}],"curies":[{"name":"wp","href":"https:\/\/api.w.org\/{rel}","templated":true}]}}