{"id":2033,"date":"2016-06-24T12:07:06","date_gmt":"2016-06-24T15:07:06","guid":{"rendered":"https:\/\/blogs.correiobraziliense.com.br\/servidor\/?p=2033"},"modified":"2016-06-24T16:50:05","modified_gmt":"2016-06-24T19:50:05","slug":"auditores-da-receita-discutirao-atraso-no-envio-do-pl-com-ministro-do-planejamento","status":"publish","type":"post","link":"https:\/\/blogs.correiobraziliense.com.br\/servidor\/auditores-da-receita-discutirao-atraso-no-envio-do-pl-com-ministro-do-planejamento\/","title":{"rendered":"Auditores da Receita discutir\u00e3o atraso no envio do PL com ministro do Planejamento"},"content":{"rendered":"<p><em>O Sindifisco Nacional informa que participar\u00e1 de audi\u00eancia com o ministro interino do Planejamento, Dyogo Oliveira, agendada para as 16h da pr\u00f3xima ter\u00e7a-feira (28\/6), no Minist\u00e9rio do Planejamento. O objetivo do encontro \u00e9 discutir sobre o envio do PL (Projeto de Lei) de reajuste da classe para o Congresso Nacional, conforme o Termo de Acordo n\u00ba 2\/2016.<\/em><\/p>\n<p>Para tentar destravar o acordo salarial dos auditores fiscais, fechado em 23 de mar\u00e7o passado, o Sindifisco Nacional se re\u00fane ter\u00e7a-feira (28) com o ministro Dyogo Oliveira (Planejamento). A falta de di\u00e1logo com interlocutores do governo federal vem preocupando a categoria, sobretudo porque o presidente Michel Temer deixou claro, em v\u00e1rias oportunidades, que o pactuado com o funcionalismo no governo Dilma Rousseff est\u00e1 mantido. Para refor\u00e7ar isso, ontem ministro Henrique Meirelles (Fazenda) destacou que os acordos n\u00e3o conflitam com o ajuste fiscal.<\/p>\n<p>Hoje pela manh\u00e3, o presidente Cl\u00e1udio Damasceno esteve com Jorge Rachid. Conversaram sobre o andamento do Projeto de Lei 1\/2016. O secret\u00e1rio da Receita Federal novamente prometeu empenho junto aos minist\u00e9rios e entendeu as raz\u00f5es para que os auditores voltassem a se mobilizar \u2013 com o Dia Nacional sem Computador, \u00e0s ter\u00e7as e quintas-feiras, e a Opera\u00e7\u00e3o Meta Zero.<\/p>\n<p>Mas, enquanto o PL n\u00e3o chega ao Congresso, o Sindifisco Nacional conversa com outras categorias de Estado na mesma situa\u00e7\u00e3o. Ontem, Damasceno esteve com Achilles Frias, presidente do Sinprofaz (Sindicato Nacional dos Procuradores da Fazenda Nacional); Bruno Fortes, presidente da Anauni (Associa\u00e7\u00e3o Nacional dos Advogados da Uni\u00e3o); Marcelino Rodrigues, presidente da Anafe (Associa\u00e7\u00e3o Nacional dos Advogados P\u00fablicos Federais); e Carlos Eduardo Sobral, presidente da ADPF (Associa\u00e7\u00e3o Nacional dos Delegados da Pol\u00edcia Federal). Na reuni\u00e3o, acertaram que adotar\u00e3o medidas conjuntas para demonstrar a insatisfa\u00e7\u00e3o.<\/p>\n<p>\u201cO objetivo \u00e9 estabelecer um calend\u00e1rio de a\u00e7\u00f5es, visando o cumprimento dos acordos. Sobretudo porque o presidente e o ministro da Fazenda j\u00e1 expuseram seus compromissos conosco. Mas \u00e9 preciso que as coisas andem\u201d, salientou Damasceno.<\/p>\n<p><em>Atualizada \u00e0s 16h49min<\/em><\/p>\n","protected":false},"excerpt":{"rendered":"<p>O Sindifisco Nacional informa que participar\u00e1 de audi\u00eancia com o ministro interino do Planejamento, Dyogo Oliveira, agendada para as 16h da pr\u00f3xima ter\u00e7a-feira (28\/6), no Minist\u00e9rio do Planejamento. O objetivo do encontro \u00e9 discutir sobre o envio do PL (Projeto de Lei) de reajuste da classe para o Congresso Nacional, conforme o Termo de Acordo n\u00ba 2\/2016. Para tentar destravar [&hellip;]<\/p>\n","protected":false},"author":27,"featured_media":0,"comment_status":"open","ping_status":"closed","sticky":false,"template":"","format":"standard","meta":{"footnotes":""},"categories":[1],"tags":[192,31,2285,12,1031,3,63,461,597],"class_list":["post-2033","post","type-post","status-publish","format-standard","hentry","category-sem-categoria","tag-audiencia","tag-auditores","tag-envio","tag-fiscais","tag-pl","tag-planejamento","tag-reajuste","tag-receita","tag-sindifisco"],"_links":{"self":[{"href":"https:\/\/blogs.correiobraziliense.com.br\/servidor\/wp-json\/wp\/v2\/posts\/2033","targetHints":{"allow":["GET"]}}],"collection":[{"href":"https:\/\/blogs.correiobraziliense.com.br\/servidor\/wp-json\/wp\/v2\/posts"}],"about":[{"href":"https:\/\/blogs.correiobraziliense.com.br\/servidor\/wp-json\/wp\/v2\/types\/post"}],"author":[{"embeddable":true,"href":"https:\/\/blogs.correiobraziliense.com.br\/servidor\/wp-json\/wp\/v2\/users\/27"}],"replies":[{"embeddable":true,"href":"https:\/\/blogs.correiobraziliense.com.br\/servidor\/wp-json\/wp\/v2\/comments?post=2033"}],"version-history":[{"count":4,"href":"https:\/\/blogs.correiobraziliense.com.br\/servidor\/wp-json\/wp\/v2\/posts\/2033\/revisions"}],"predecessor-version":[{"id":2053,"href":"https:\/\/blogs.correiobraziliense.com.br\/servidor\/wp-json\/wp\/v2\/posts\/2033\/revisions\/2053"}],"wp:attachment":[{"href":"https:\/\/blogs.correiobraziliense.com.br\/servidor\/wp-json\/wp\/v2\/media?parent=2033"}],"wp:term":[{"taxonomy":"category","embeddable":true,"href":"https:\/\/blogs.correiobraziliense.com.br\/servidor\/wp-json\/wp\/v2\/categories?post=2033"},{"taxonomy":"post_tag","embeddable":true,"href":"https:\/\/blogs.correiobraziliense.com.br\/servidor\/wp-json\/wp\/v2\/tags?post=2033"}],"curies":[{"name":"wp","href":"https:\/\/api.w.org\/{rel}","templated":true}]}}