{"id":2031,"date":"2016-06-24T12:02:48","date_gmt":"2016-06-24T15:02:48","guid":{"rendered":"https:\/\/blogs.correiobraziliense.com.br\/servidor\/?p=2031"},"modified":"2016-06-24T12:02:48","modified_gmt":"2016-06-24T15:02:48","slug":"geap-reajuste-volta-aos-20","status":"publish","type":"post","link":"https:\/\/blogs.correiobraziliense.com.br\/servidor\/geap-reajuste-volta-aos-20\/","title":{"rendered":"Geap &#8211; Reajuste volta aos 20%"},"content":{"rendered":"<p><span style=\"font-family: Utopia,sans-serif\"><span style=\"font-size: small\">As mudan\u00e7as no percentual de aumento das mensalidades dos assistidos pela Geap, maior plano de sa\u00fade dos servidores p\u00fablicos federais, n\u00e3o param. Ontem, na quarta decis\u00e3o judicial que trata<\/span><\/span> <span style=\"font-family: Utopia,sans-serif\"><span style=\"font-size: small\">do assunto, o desembargador federal Souza Prudente voltou a derrubar a alta de 37,55% nas contribui\u00e7\u00f5es e determinou que a atual<\/span><\/span> <span style=\"font-family: Utopia,sans-serif\"><span style=\"font-size: small\">Diretoria do Conselho de Administra\u00e7\u00e3o (Conad) aplique o reajuste de 20%. A operadora n\u00e3o quis se manifestar sobre a quest\u00e3o.<\/span><\/span><\/p>\n<p><span style=\"font-family: Utopia,sans-serif\"><span style=\"font-size: small\">A ordem foi em resposta a um agravo de instrumento da Associa\u00e7\u00e3o dos Servidores do Minist\u00e9rio da Ci\u00eancia e Tecnologia (ASCT). A liminar n\u00e3o trata da situa\u00e7\u00e3o da atual diretoria, indicada pelo governo do presidente interino, Michel Temer. O processo \u00e9 da ASCT \u00e9 anterior a troca no comando da Geap, por mandado de seguran\u00e7a, em 15 de junho.<\/span><\/span> <span style=\"font-family: Utopia,sans-serif\"><span style=\"font-size: small\">Mas, segundo Souza Prudente, o afastamento desses gestores \u00e9 uma quest\u00e3o de tempo. <\/span><\/span><\/p>\n<p><span style=\"font-family: Utopia,sans-serif\"><span style=\"font-size: small\">Ele explicou que \u201cum cochilo\u201d do presidente do Tribunal Regional Federal (TRF1), Hilton Queiroz, no plant\u00e3o do \u00faltimo s\u00e1bado, permitiu o retorno de La\u00e9rcio Roberto Lemos de Souza ao Conad, em substitui\u00e7\u00e3o a Irineu Messias de Ara\u00fajo. \u201cAquele mandato de seguran\u00e7a \u00e9 incab\u00edvel. O novo C\u00f3digo de Processo Civil (CPC) n\u00e3o permite a cassa\u00e7\u00e3o da liminar do relator\u201d. <\/span><\/span><\/p>\n<p><span style=\"font-family: Utopia,sans-serif\"><span style=\"font-size: small\">Ao acatar o pedido da ASCT, Prudente destacou que a Uni\u00e3o defende os 37,55%, mas reajustou sua participa\u00e7\u00e3o (valor unit\u00e1rio dos servidores) em apenas 23,11%. A pr\u00e1tica, disse, contrasta com \u201ca fun\u00e7\u00e3o social do plano de sa\u00fade\u201d e configura \u201cconduta abusiva do direito, diante do desrespeito aos princ\u00edpios da boa-f\u00e9 objetiva e da equidade\u201d.<\/span><\/span><\/p>\n","protected":false},"excerpt":{"rendered":"<p>As mudan\u00e7as no percentual de aumento das mensalidades dos assistidos pela Geap, maior plano de sa\u00fade dos servidores p\u00fablicos federais, n\u00e3o param. Ontem, na quarta decis\u00e3o judicial que trata do assunto, o desembargador federal Souza Prudente voltou a derrubar a alta de 37,55% nas contribui\u00e7\u00f5es e determinou que a atual Diretoria do Conselho de Administra\u00e7\u00e3o (Conad) aplique o reajuste de [&hellip;]<\/p>\n","protected":false},"author":27,"featured_media":0,"comment_status":"open","ping_status":"closed","sticky":false,"template":"","format":"standard","meta":{"footnotes":""},"categories":[1],"tags":[1248,76,951,376,297,63],"class_list":["post-2031","post","type-post","status-publish","format-standard","hentry","category-sem-categoria","tag-decisao","tag-geap","tag-judicial","tag-mudancas","tag-percentual","tag-reajuste"],"_links":{"self":[{"href":"https:\/\/blogs.correiobraziliense.com.br\/servidor\/wp-json\/wp\/v2\/posts\/2031","targetHints":{"allow":["GET"]}}],"collection":[{"href":"https:\/\/blogs.correiobraziliense.com.br\/servidor\/wp-json\/wp\/v2\/posts"}],"about":[{"href":"https:\/\/blogs.correiobraziliense.com.br\/servidor\/wp-json\/wp\/v2\/types\/post"}],"author":[{"embeddable":true,"href":"https:\/\/blogs.correiobraziliense.com.br\/servidor\/wp-json\/wp\/v2\/users\/27"}],"replies":[{"embeddable":true,"href":"https:\/\/blogs.correiobraziliense.com.br\/servidor\/wp-json\/wp\/v2\/comments?post=2031"}],"version-history":[{"count":1,"href":"https:\/\/blogs.correiobraziliense.com.br\/servidor\/wp-json\/wp\/v2\/posts\/2031\/revisions"}],"predecessor-version":[{"id":2032,"href":"https:\/\/blogs.correiobraziliense.com.br\/servidor\/wp-json\/wp\/v2\/posts\/2031\/revisions\/2032"}],"wp:attachment":[{"href":"https:\/\/blogs.correiobraziliense.com.br\/servidor\/wp-json\/wp\/v2\/media?parent=2031"}],"wp:term":[{"taxonomy":"category","embeddable":true,"href":"https:\/\/blogs.correiobraziliense.com.br\/servidor\/wp-json\/wp\/v2\/categories?post=2031"},{"taxonomy":"post_tag","embeddable":true,"href":"https:\/\/blogs.correiobraziliense.com.br\/servidor\/wp-json\/wp\/v2\/tags?post=2031"}],"curies":[{"name":"wp","href":"https:\/\/api.w.org\/{rel}","templated":true}]}}