{"id":20308,"date":"2021-08-05T17:15:12","date_gmt":"2021-08-05T20:15:12","guid":{"rendered":"https:\/\/blogs.correiobraziliense.com.br\/servidor\/?p=20308"},"modified":"2021-08-05T17:15:12","modified_gmt":"2021-08-05T20:15:12","slug":"clp-lanca-pos-graduacao-em-competitividade-e-planejamento","status":"publish","type":"post","link":"https:\/\/blogs.correiobraziliense.com.br\/servidor\/clp-lanca-pos-graduacao-em-competitividade-e-planejamento\/","title":{"rendered":"CLP lan\u00e7a p\u00f3s-gradua\u00e7\u00e3o em Competitividade e Planejamento"},"content":{"rendered":"<p><em>Curso vai preparar servidores e gestores p\u00fablicos para o enfrentamento de desafios complexos, com metodologia voltada \u00e0 an\u00e1lise de dados e evid\u00eancias. Inscri\u00e7\u00f5es abertas at\u00e9 31 de agosto. Alunos da primeira turma ganham desconto de 20%<\/em><\/p>\n<p><img loading=\"lazy\" decoding=\"async\" class=\"alignright size-full wp-image-20309\" src=\"https:\/\/blogs.correiobraziliense.com.br\/servidor\/wp-content\/uploads\/sites\/10\/2021\/08\/CLP-FOTO.png\" alt=\"\" width=\"400\" height=\"190\" \/><\/p>\n<p>Em parceria com o Instituto Singularidades, o Centro de Lideran\u00e7a P\u00fablica (CLP) lan\u00e7ou um programa in\u00e9dito de p\u00f3s-gradua\u00e7\u00e3o em Competitividade e Planejamento, no formato EAD (ensino a dist\u00e2ncia). O curso se inicia em setembro deste ano e est\u00e1 com inscri\u00e7\u00f5es abertas no site da organiza\u00e7\u00e3o at\u00e9 31 de agosto.<\/p>\n<p>Respons\u00e1vel pelos Rankings de Competitividade dos Estados e dos Munic\u00edpios \u2013 ferramentas que mensuram a efetividade de pol\u00edticas p\u00fablicas e possibilitam aos l\u00edderes p\u00fablicos melhor performance no desenvolvimento econ\u00f4mico e social do pa\u00eds, o CLP agora leva o m\u00e9todo de Competitividade para a esfera educacional, buscando formar gestores h\u00e1beis em criar pol\u00edticas p\u00fablicas baseadas em dados e evid\u00eancias e que sejam capazes de tornar a administra\u00e7\u00e3o p\u00fablica mais eficiente.<\/p>\n<p>\u201cA competitividade \u00e9 a intersec\u00e7\u00e3o da efici\u00eancia econ\u00f4mica com o bem-estar social. A partir dessa premissa, o CLP vai formar gestores p\u00fablicos para o enfrentamento de desafios complexos no \u00e2mbito subnacional. Esses gestores se tornar\u00e3o especialistas em ler indicadores, detalhar e monitorar projetos, implementar pol\u00edticas p\u00fablicas, al\u00e9m de terem a oportunidade de realizar mentoria com redes de l\u00edderes p\u00fablicos\u201d, explica Humberto Dantas, head de Educa\u00e7\u00e3o do CLP.<\/p>\n<p>A nova p\u00f3s-gradua\u00e7\u00e3o tem como base quatro trilhas de conhecimento: gest\u00e3o p\u00fablica, pol\u00edtica, lideran\u00e7a e m\u00e9todos para a an\u00e1lise de problemas complexos. O curso recheia o portf\u00f3lio de educa\u00e7\u00e3o do CLP &#8211; atualmente, a organiza\u00e7\u00e3o possui outros tr\u00eas programas de forma\u00e7\u00e3o: o curso livre \u2018Lideran\u00e7a e Transforma\u00e7\u00e3o P\u00fablica\u2019, a forma\u00e7\u00e3o executiva \u2018L\u00edder em Transforma\u00e7\u00e3o Digital\u2019 e o \u2018Master em Gest\u00e3o e Lideran\u00e7a P\u00fablica \u2013 MLG\u2019, p\u00f3s-gradua\u00e7\u00e3o lato sensu que j\u00e1 formou mais de 200 profissionais.<\/p>\n<p>O corpo docente da p\u00f3s-gradua\u00e7\u00e3o em Competitividade \u00e9 constitu\u00eddo por professores com vasta experi\u00eancia acad\u00eamica na \u00e1rea da administra\u00e7\u00e3o p\u00fablica, como Ant\u00f4nio Napole, professor do MLG e vice-presidente da Kaiser Associates; Patricia Tavares, professora do Insper e cofundadora do Datapedia; Fernando Coelho, professor da FGV EAESP; e Humberto Dantas, coordenador do curso de ci\u00eancia pol\u00edtica na FESP e head de Educa\u00e7\u00e3o do CLP.<\/p>\n<p><strong>Como participar?<\/strong><\/p>\n<p>Os interessados devem se inscrever no <a href=\"https:\/\/www.clp.org.br\/curso\/pos-graduacao-em-competitividade-planejamento\/\">site do CLP<\/a>, ou podem acessar este <a href=\"https:\/\/bit.ly\/3yYSNoM\">link<\/a> para conferir mais detalhes do curso e preencher diretamente o formul\u00e1rio. O resultado do processo seletivo ser\u00e1 anunciado at\u00e9 6 de setembro.<\/p>\n<p><strong>Servi\u00e7o:<\/strong><\/p>\n<p>Carga hor\u00e1ria: 360 horas<br \/>\nPeriodicidade: segundas e quartas, das 18h30 \u00e0s 22h (hor\u00e1rio de Bras\u00edlia)<br \/>\nFormato: 100% remoto<br \/>\nValor do curso: de <span style=\"text-decoration: line-through\">R$ 15.000,00<\/span> por R$ 12.000,00 (24 parcelas de R$ 500,00) \u2013 ser\u00e1 concedida bolsa de 20% para os alunos da primeira turma.<\/p>\n<p><strong>Sobre o CLP<\/strong><\/p>\n<p>O CLP (Centro de Lideran\u00e7a P\u00fablica) \u00e9 uma organiza\u00e7\u00e3o suprapartid\u00e1ria que busca engajar a sociedade e desenvolver l\u00edderes p\u00fablicos para enfrentar os problemas mais urgentes do Brasil. H\u00e1 12 anos, defende um Estado Democr\u00e1tico de Direito eficiente no uso de seus recursos e constitu\u00eddo sobre princ\u00edpios republicanos.<\/p>\n<p><strong>\u00a0<\/strong><\/p>\n","protected":false},"excerpt":{"rendered":"<p>Curso vai preparar servidores e gestores p\u00fablicos para o enfrentamento de desafios complexos, com metodologia voltada \u00e0 an\u00e1lise de dados e evid\u00eancias. Inscri\u00e7\u00f5es abertas at\u00e9 31 de agosto. Alunos da primeira turma ganham desconto de 20% Em parceria com o Instituto Singularidades, o Centro de Lideran\u00e7a P\u00fablica (CLP) lan\u00e7ou um programa in\u00e9dito de p\u00f3s-gradua\u00e7\u00e3o em Competitividade e Planejamento, no formato [&hellip;]<\/p>\n","protected":false},"author":27,"featured_media":0,"comment_status":"open","ping_status":"closed","sticky":false,"template":"","format":"standard","meta":{"footnotes":""},"categories":[2719],"tags":[],"class_list":["post-20308","post","type-post","status-publish","format-standard","hentry","category-servidor"],"_links":{"self":[{"href":"https:\/\/blogs.correiobraziliense.com.br\/servidor\/wp-json\/wp\/v2\/posts\/20308","targetHints":{"allow":["GET"]}}],"collection":[{"href":"https:\/\/blogs.correiobraziliense.com.br\/servidor\/wp-json\/wp\/v2\/posts"}],"about":[{"href":"https:\/\/blogs.correiobraziliense.com.br\/servidor\/wp-json\/wp\/v2\/types\/post"}],"author":[{"embeddable":true,"href":"https:\/\/blogs.correiobraziliense.com.br\/servidor\/wp-json\/wp\/v2\/users\/27"}],"replies":[{"embeddable":true,"href":"https:\/\/blogs.correiobraziliense.com.br\/servidor\/wp-json\/wp\/v2\/comments?post=20308"}],"version-history":[{"count":1,"href":"https:\/\/blogs.correiobraziliense.com.br\/servidor\/wp-json\/wp\/v2\/posts\/20308\/revisions"}],"predecessor-version":[{"id":20310,"href":"https:\/\/blogs.correiobraziliense.com.br\/servidor\/wp-json\/wp\/v2\/posts\/20308\/revisions\/20310"}],"wp:attachment":[{"href":"https:\/\/blogs.correiobraziliense.com.br\/servidor\/wp-json\/wp\/v2\/media?parent=20308"}],"wp:term":[{"taxonomy":"category","embeddable":true,"href":"https:\/\/blogs.correiobraziliense.com.br\/servidor\/wp-json\/wp\/v2\/categories?post=20308"},{"taxonomy":"post_tag","embeddable":true,"href":"https:\/\/blogs.correiobraziliense.com.br\/servidor\/wp-json\/wp\/v2\/tags?post=20308"}],"curies":[{"name":"wp","href":"https:\/\/api.w.org\/{rel}","templated":true}]}}