{"id":20294,"date":"2021-08-03T19:22:48","date_gmt":"2021-08-03T22:22:48","guid":{"rendered":"https:\/\/blogs.correiobraziliense.com.br\/servidor\/?p=20294"},"modified":"2021-08-03T19:24:17","modified_gmt":"2021-08-03T22:24:17","slug":"conamp-defende-voto-eletronico-e-e-contra-a-pec-135-19","status":"publish","type":"post","link":"https:\/\/blogs.correiobraziliense.com.br\/servidor\/conamp-defende-voto-eletronico-e-e-contra-a-pec-135-19\/","title":{"rendered":"Conamp defende voto eletr\u00f4nico e \u00e9 contra a PEC 135\/19"},"content":{"rendered":"<p><em><strong>Depois das declara\u00e7\u00f5es do presidente Jair Bolsonaro, na primeira sess\u00e3o ap\u00f3s o recesso parlamentar, v\u00e1rios deputados foram \u00e0 tribuna do Plen\u00e1rio da C\u00e2mara, em defesa do voto impresso (PEC 135\/2019). Em rea\u00e7\u00e3o, a Conamp destaca que &#8220;o\u00a0sistema de vota\u00e7\u00e3o eletr\u00f4nica \u00e9 m\u00e9todo seguro, confi\u00e1vel e audit\u00e1vel,\u00a0implementado no Brasil h\u00e1 mais de 25 anos, que representa importante avan\u00e7o\u00a0brasileiro no exerc\u00edcio da cidadania e da democracia, sendo, constantemente,\u00a0fiscalizado por institui\u00e7\u00f5es de controle, inclusive o Minist\u00e9rio P\u00fablico, n\u00e3o\u00a0havendo qualquer prova de fraude praticada durante todo este per\u00edodo&#8221;.<\/strong><\/em><\/p>\n<p><img loading=\"lazy\" decoding=\"async\" class=\"alignright size-full wp-image-19991\" src=\"https:\/\/blogs.correiobraziliense.com.br\/servidor\/wp-content\/uploads\/sites\/10\/2021\/07\/VOTO-IMPRESSO.jpeg\" alt=\"\" width=\"543\" height=\"263\" srcset=\"https:\/\/blogs.correiobraziliense.com.br\/servidor\/wp-content\/uploads\/sites\/10\/2021\/07\/VOTO-IMPRESSO.jpeg 543w, https:\/\/blogs.correiobraziliense.com.br\/servidor\/wp-content\/uploads\/sites\/10\/2021\/07\/VOTO-IMPRESSO-300x145.jpeg 300w, https:\/\/blogs.correiobraziliense.com.br\/servidor\/wp-content\/uploads\/sites\/10\/2021\/07\/VOTO-IMPRESSO-230x111.jpeg 230w\" sizes=\"auto, (max-width: 543px) 100vw, 543px\" \/><\/p>\n<p>Veja a nota:<\/p>\n<p>&#8220;A ASSOCIA\u00c7\u00c3O NACIONAL DOS MEMBROS DO MINIST\u00c9RIO P\u00daBLICO \u2013\u00a0CONAMP, entidade de classe que representa mais de 16 (dezesseis) mil\u00a0associados membros dos Minist\u00e9rios P\u00fablicos dos Estados, Distrito Federal e<br \/>\nTerrit\u00f3rios e Militar, vem a p\u00fablico se manifestar pela defesa do sistema\u00a0eletr\u00f4nico de vota\u00e7\u00e3o.<\/p>\n<p>O sistema de vota\u00e7\u00e3o eletr\u00f4nica \u00e9 m\u00e9todo seguro, confi\u00e1vel e audit\u00e1vel,\u00a0implementado no Brasil h\u00e1 mais de 25 anos, que representa importante avan\u00e7o\u00a0brasileiro no exerc\u00edcio da cidadania e da democracia, sendo, constantemente,<br \/>\nfiscalizado por institui\u00e7\u00f5es de controle, inclusive o Minist\u00e9rio P\u00fablico, n\u00e3o\u00a0havendo qualquer prova de fraude praticada durante todo este per\u00edodo.<\/p>\n<p>Ainda assim, \u00e9 sempre leg\u00edtimo e muito relevante se pensar no aperfei\u00e7oamento\u00a0do sistema de vota\u00e7\u00e3o do pa\u00eds, que deve ocorrer, no entanto, dentro de um\u00a0ambiente \u00e9tico e \u00edntegro, comprometido com os ideais mais elevados da na\u00e7\u00e3o\u00a0brasileira, que n\u00e3o comporta posi\u00e7\u00f5es e a\u00e7\u00f5es deslocadas da realidade,\u00a0tangenciando com as inverdades.<\/p>\n<p>Desta forma, com a premissa sempre presente da realiza\u00e7\u00e3o de elei\u00e7\u00f5es livres,\u00a0justas e frequentes, n\u00e3o se demonstra razo\u00e1vel, ou at\u00e9 mesmo necess\u00e1ria, a\u00a0modifica\u00e7\u00e3o pretendida com a aprova\u00e7\u00e3o da PEC n\u00ba 135\/19, raz\u00e3o pela qual<br \/>\na CONAMP se declara CONTR\u00c1RIA a sua aprova\u00e7\u00e3o, por n\u00e3o ver nesta iniciativa,\u00a0at\u00e9 o momento, qualquer contribui\u00e7\u00e3o significativa que possa trazer algum\u00a0benef\u00edcio para a sociedade brasileira.<\/p>\n<p>Bras\u00edlia, 3 de agosto de 2021<br \/>\nManoel Victor Sereni Murrieta<br \/>\nPresidente da CONAMP&#8221;<\/p>\n","protected":false},"excerpt":{"rendered":"<p>Depois das declara\u00e7\u00f5es do presidente Jair Bolsonaro, na primeira sess\u00e3o ap\u00f3s o recesso parlamentar, v\u00e1rios deputados foram \u00e0 tribuna do Plen\u00e1rio da C\u00e2mara, em defesa do voto impresso (PEC 135\/2019). Em rea\u00e7\u00e3o, a Conamp destaca que &#8220;o\u00a0sistema de vota\u00e7\u00e3o eletr\u00f4nica \u00e9 m\u00e9todo seguro, confi\u00e1vel e audit\u00e1vel,\u00a0implementado no Brasil h\u00e1 mais de 25 anos, que representa importante avan\u00e7o\u00a0brasileiro no exerc\u00edcio da [&hellip;]<\/p>\n","protected":false},"author":27,"featured_media":0,"comment_status":"open","ping_status":"closed","sticky":false,"template":"","format":"standard","meta":{"footnotes":""},"categories":[2719],"tags":[19141,1531,439,4460,8836,207,1790,5975,417,19163,1498,7117],"class_list":["post-20294","post","type-post","status-publish","format-standard","hentry","category-servidor","tag-auditavel","tag-camara-dos-deputados","tag-cidadania","tag-conamp","tag-confiavel","tag-controle","tag-eletronico","tag-impresso","tag-ministerio-publico","tag-pec-135-2019","tag-votacao","tag-voto"],"_links":{"self":[{"href":"https:\/\/blogs.correiobraziliense.com.br\/servidor\/wp-json\/wp\/v2\/posts\/20294","targetHints":{"allow":["GET"]}}],"collection":[{"href":"https:\/\/blogs.correiobraziliense.com.br\/servidor\/wp-json\/wp\/v2\/posts"}],"about":[{"href":"https:\/\/blogs.correiobraziliense.com.br\/servidor\/wp-json\/wp\/v2\/types\/post"}],"author":[{"embeddable":true,"href":"https:\/\/blogs.correiobraziliense.com.br\/servidor\/wp-json\/wp\/v2\/users\/27"}],"replies":[{"embeddable":true,"href":"https:\/\/blogs.correiobraziliense.com.br\/servidor\/wp-json\/wp\/v2\/comments?post=20294"}],"version-history":[{"count":1,"href":"https:\/\/blogs.correiobraziliense.com.br\/servidor\/wp-json\/wp\/v2\/posts\/20294\/revisions"}],"predecessor-version":[{"id":20295,"href":"https:\/\/blogs.correiobraziliense.com.br\/servidor\/wp-json\/wp\/v2\/posts\/20294\/revisions\/20295"}],"wp:attachment":[{"href":"https:\/\/blogs.correiobraziliense.com.br\/servidor\/wp-json\/wp\/v2\/media?parent=20294"}],"wp:term":[{"taxonomy":"category","embeddable":true,"href":"https:\/\/blogs.correiobraziliense.com.br\/servidor\/wp-json\/wp\/v2\/categories?post=20294"},{"taxonomy":"post_tag","embeddable":true,"href":"https:\/\/blogs.correiobraziliense.com.br\/servidor\/wp-json\/wp\/v2\/tags?post=20294"}],"curies":[{"name":"wp","href":"https:\/\/api.w.org\/{rel}","templated":true}]}}