{"id":20290,"date":"2021-08-03T19:25:30","date_gmt":"2021-08-03T22:25:30","guid":{"rendered":"https:\/\/blogs.correiobraziliense.com.br\/servidor\/?p=20290"},"modified":"2021-08-03T19:25:30","modified_gmt":"2021-08-03T22:25:30","slug":"policiais-penais-do-df-fazem-ato-contra-reforma-administrativa","status":"publish","type":"post","link":"https:\/\/blogs.correiobraziliense.com.br\/servidor\/policiais-penais-do-df-fazem-ato-contra-reforma-administrativa\/","title":{"rendered":"Policiais penais do DF fazem ato contra reforma administrativa"},"content":{"rendered":"<p><em><strong>Sindpol-DF organizou ato de policiais penais contra a PEC 32\/2020, que define as regras da reforma administrativa<\/strong><\/em><\/p>\n<p><iframe loading=\"lazy\" frameborder=\"0\" width=\"1440\" height=\"809\" src=\"https:\/\/www.dailymotion.com\/embed\/video\/x835a63\" allowfullscreen allow=\"autoplay\"><\/iframe><\/p>\n<p>O Sindicato dos Policiais Penais do Distrito Federal (Sindpol-DF) reuniu os policiais penais do Distrito Federal na em\u00a0 Manifesta\u00e7\u00e3o Nacional contra a PEC-32 da reforma administrativa. O ato, que aconteceu no in\u00edcio da tarde dessa ter\u00e7a-feira, 3 de agosto, teve a participa\u00e7\u00e3o de servidores p\u00fablicos de diversos setores. O objetivo foi chamar a aten\u00e7\u00e3o dos parlamentares federais para n\u00e3o a proposta, que, de acordo com o funcionalismo, trar\u00e1 &#8220;preju\u00edzos ser\u00e3o incalcul\u00e1veis para os servidores p\u00fablicos e para a popula\u00e7\u00e3o que depende dos servi\u00e7os essenciais&#8221;.<\/p>\n<p>&#8220;A PEC-32 possibilita que ocorra a contrata\u00e7\u00e3o da esmagadora maioria das pessoas sem concurso p\u00fablico, o que acarretar\u00e1 irrefutavelmente em um modelo de privatiza\u00e7\u00e3o das for\u00e7as de seguran\u00e7a p\u00fablica. Desse modo, n\u00e3o h\u00e1 como assegurar que a administra\u00e7\u00e3o p\u00fablica possa resistir aos interesses da iniciativa privada. Al\u00e9m disso, a mudan\u00e7a proposta pela reforma administrativa tira a estabilidade dos servidores p\u00fablicos aposentados e da ativa&#8221;, se queixam.<\/p>\n<p>&nbsp;<\/p>\n","protected":false},"excerpt":{"rendered":"<p>Sindpol-DF organizou ato de policiais penais contra a PEC 32\/2020, que define as regras da reforma administrativa O Sindicato dos Policiais Penais do Distrito Federal (Sindpol-DF) reuniu os policiais penais do Distrito Federal na em\u00a0 Manifesta\u00e7\u00e3o Nacional contra a PEC-32 da reforma administrativa. O ato, que aconteceu no in\u00edcio da tarde dessa ter\u00e7a-feira, 3 de agosto, teve a participa\u00e7\u00e3o de [&hellip;]<\/p>\n","protected":false},"author":27,"featured_media":0,"comment_status":"open","ping_status":"closed","sticky":false,"template":"","format":"standard","meta":{"footnotes":""},"categories":[2719],"tags":[345,865,620,59,17071,268,18170,110,15938,19162],"class_list":["post-20290","post","type-post","status-publish","format-standard","hentry","category-servidor","tag-aposentados","tag-ativos","tag-estabilidade","tag-federais","tag-forcas-de-seguranca","tag-parlamentares","tag-pec-32-2020","tag-policiais","tag-reforma-administrativa","tag-sindpol"],"_links":{"self":[{"href":"https:\/\/blogs.correiobraziliense.com.br\/servidor\/wp-json\/wp\/v2\/posts\/20290","targetHints":{"allow":["GET"]}}],"collection":[{"href":"https:\/\/blogs.correiobraziliense.com.br\/servidor\/wp-json\/wp\/v2\/posts"}],"about":[{"href":"https:\/\/blogs.correiobraziliense.com.br\/servidor\/wp-json\/wp\/v2\/types\/post"}],"author":[{"embeddable":true,"href":"https:\/\/blogs.correiobraziliense.com.br\/servidor\/wp-json\/wp\/v2\/users\/27"}],"replies":[{"embeddable":true,"href":"https:\/\/blogs.correiobraziliense.com.br\/servidor\/wp-json\/wp\/v2\/comments?post=20290"}],"version-history":[{"count":2,"href":"https:\/\/blogs.correiobraziliense.com.br\/servidor\/wp-json\/wp\/v2\/posts\/20290\/revisions"}],"predecessor-version":[{"id":20296,"href":"https:\/\/blogs.correiobraziliense.com.br\/servidor\/wp-json\/wp\/v2\/posts\/20290\/revisions\/20296"}],"wp:attachment":[{"href":"https:\/\/blogs.correiobraziliense.com.br\/servidor\/wp-json\/wp\/v2\/media?parent=20290"}],"wp:term":[{"taxonomy":"category","embeddable":true,"href":"https:\/\/blogs.correiobraziliense.com.br\/servidor\/wp-json\/wp\/v2\/categories?post=20290"},{"taxonomy":"post_tag","embeddable":true,"href":"https:\/\/blogs.correiobraziliense.com.br\/servidor\/wp-json\/wp\/v2\/tags?post=20290"}],"curies":[{"name":"wp","href":"https:\/\/api.w.org\/{rel}","templated":true}]}}