{"id":20280,"date":"2021-07-30T20:26:31","date_gmt":"2021-07-30T23:26:31","guid":{"rendered":"https:\/\/blogs.correiobraziliense.com.br\/servidor\/?p=20280"},"modified":"2021-07-30T20:26:31","modified_gmt":"2021-07-30T23:26:31","slug":"servidores-sinalizam-greve-em-18-de-agosto","status":"publish","type":"post","link":"https:\/\/blogs.correiobraziliense.com.br\/servidor\/servidores-sinalizam-greve-em-18-de-agosto\/","title":{"rendered":"Servidores sinalizam greve em 18 de agosto"},"content":{"rendered":"<p><em><strong>A Frente Parlamentar Mista do Servi\u00e7o P\u00fablico,\u00a0nos dias 29 e 30 de julho, com as centrais sindicais e entidades representativas da sociedade civil, em especial dos servidores p\u00fablicos, organizou\u00a0o Encontro Nacional dos Trabalhadores e Trabalhadoras do Setor P\u00fablico. Entre os encaminhamentos, est\u00e3o mobiliza\u00e7\u00e3o em Bras\u00edlia, em 3 de agosto, e greve no local de trabalho, no setor p\u00fablico, em 18 de agosto<\/strong><\/em><\/p>\n<p><img loading=\"lazy\" decoding=\"async\" class=\"alignright size-large wp-image-20281\" src=\"https:\/\/blogs.correiobraziliense.com.br\/servidor\/wp-content\/uploads\/sites\/10\/2021\/07\/MOBILIZA\u00c7\u00c3O-E-GREVE-1024x945.jpg\" alt=\"\" width=\"1024\" height=\"945\" srcset=\"https:\/\/blogs.correiobraziliense.com.br\/servidor\/wp-content\/uploads\/sites\/10\/2021\/07\/MOBILIZA\u00c7\u00c3O-E-GREVE-1024x945.jpg 1024w, https:\/\/blogs.correiobraziliense.com.br\/servidor\/wp-content\/uploads\/sites\/10\/2021\/07\/MOBILIZA\u00c7\u00c3O-E-GREVE-300x277.jpg 300w, https:\/\/blogs.correiobraziliense.com.br\/servidor\/wp-content\/uploads\/sites\/10\/2021\/07\/MOBILIZA\u00c7\u00c3O-E-GREVE-768x709.jpg 768w, https:\/\/blogs.correiobraziliense.com.br\/servidor\/wp-content\/uploads\/sites\/10\/2021\/07\/MOBILIZA\u00c7\u00c3O-E-GREVE-800x738.jpg 800w, https:\/\/blogs.correiobraziliense.com.br\/servidor\/wp-content\/uploads\/sites\/10\/2021\/07\/MOBILIZA\u00c7\u00c3O-E-GREVE-550x507.jpg 550w, https:\/\/blogs.correiobraziliense.com.br\/servidor\/wp-content\/uploads\/sites\/10\/2021\/07\/MOBILIZA\u00c7\u00c3O-E-GREVE-230x212.jpg 230w, https:\/\/blogs.correiobraziliense.com.br\/servidor\/wp-content\/uploads\/sites\/10\/2021\/07\/MOBILIZA\u00c7\u00c3O-E-GREVE.jpg 1280w\" sizes=\"auto, (max-width: 1024px) 100vw, 1024px\" \/><\/p>\n<p>O Encontro marca a intensifica\u00e7\u00e3o de uma campanha ampla contra a reforma administrativa (PEC 32\/2020), apresentada pelo governo federa. O prop\u00f3sito da Frente \u00e9 justamente defender o servidor juntamente com um servi\u00e7o p\u00fablico de qualidade, no atendimento das necessidades da popula\u00e7\u00e3o usu\u00e1ria, quer na esfera federal, como estadual e municipal.<\/p>\n<p>O Encontro Nacional dos Trabalhadores e Trabalhadoras do Setor P\u00fablico \u00e9 fruto do esfor\u00e7o de constru\u00e7\u00e3o e de um amplo processo de unidade das centrais sindicais CUT, CSP-CONLUTAS, CTB, P\u00daBLICA, CGTB, UGT, For\u00e7a Sindical, Intersindical &#8211; Central da classe trabalhadora, Nova Central, CSB, Intersindical &#8211; Instrumento de luta e organiza\u00e7\u00e3o da classe trabalhadora, al\u00e9m de outras entidades representativas do movimento de trabalhadores e trabalhadoras do setor p\u00fablico, como FONASEFE,\u00a0 Movimento BASTA, UPB \u2013 Uni\u00e3o dos Policiais do Brasil, e tamb\u00e9m da Frente Parlamentar Mista do Servi\u00e7o P\u00fablico.<\/p>\n","protected":false},"excerpt":{"rendered":"<p>A Frente Parlamentar Mista do Servi\u00e7o P\u00fablico,\u00a0nos dias 29 e 30 de julho, com as centrais sindicais e entidades representativas da sociedade civil, em especial dos servidores p\u00fablicos, organizou\u00a0o Encontro Nacional dos Trabalhadores e Trabalhadoras do Setor P\u00fablico. Entre os encaminhamentos, est\u00e3o mobiliza\u00e7\u00e3o em Bras\u00edlia, em 3 de agosto, e greve no local de trabalho, no setor p\u00fablico, em 18 [&hellip;]<\/p>\n","protected":false},"author":27,"featured_media":0,"comment_status":"open","ping_status":"closed","sticky":false,"template":"","format":"standard","meta":{"footnotes":""},"categories":[2719],"tags":[1101,1304,18170,15938,58,351,19],"class_list":["post-20280","post","type-post","status-publish","format-standard","hentry","category-servidor","tag-centrais-sindicais","tag-frente-parlamentar","tag-pec-32-2020","tag-reforma-administrativa","tag-servidores","tag-sociedade","tag-trabalhadores"],"_links":{"self":[{"href":"https:\/\/blogs.correiobraziliense.com.br\/servidor\/wp-json\/wp\/v2\/posts\/20280","targetHints":{"allow":["GET"]}}],"collection":[{"href":"https:\/\/blogs.correiobraziliense.com.br\/servidor\/wp-json\/wp\/v2\/posts"}],"about":[{"href":"https:\/\/blogs.correiobraziliense.com.br\/servidor\/wp-json\/wp\/v2\/types\/post"}],"author":[{"embeddable":true,"href":"https:\/\/blogs.correiobraziliense.com.br\/servidor\/wp-json\/wp\/v2\/users\/27"}],"replies":[{"embeddable":true,"href":"https:\/\/blogs.correiobraziliense.com.br\/servidor\/wp-json\/wp\/v2\/comments?post=20280"}],"version-history":[{"count":1,"href":"https:\/\/blogs.correiobraziliense.com.br\/servidor\/wp-json\/wp\/v2\/posts\/20280\/revisions"}],"predecessor-version":[{"id":20282,"href":"https:\/\/blogs.correiobraziliense.com.br\/servidor\/wp-json\/wp\/v2\/posts\/20280\/revisions\/20282"}],"wp:attachment":[{"href":"https:\/\/blogs.correiobraziliense.com.br\/servidor\/wp-json\/wp\/v2\/media?parent=20280"}],"wp:term":[{"taxonomy":"category","embeddable":true,"href":"https:\/\/blogs.correiobraziliense.com.br\/servidor\/wp-json\/wp\/v2\/categories?post=20280"},{"taxonomy":"post_tag","embeddable":true,"href":"https:\/\/blogs.correiobraziliense.com.br\/servidor\/wp-json\/wp\/v2\/tags?post=20280"}],"curies":[{"name":"wp","href":"https:\/\/api.w.org\/{rel}","templated":true}]}}