{"id":20270,"date":"2021-07-30T16:39:29","date_gmt":"2021-07-30T19:39:29","guid":{"rendered":"https:\/\/blogs.correiobraziliense.com.br\/servidor\/?p=20270"},"modified":"2021-07-30T16:39:57","modified_gmt":"2021-07-30T19:39:57","slug":"servidores-de-ct-lamentam-descaso-do-governo","status":"publish","type":"post","link":"https:\/\/blogs.correiobraziliense.com.br\/servidor\/servidores-de-ct-lamentam-descaso-do-governo\/","title":{"rendered":"Servidores de C&amp;T lamentam descaso do governo"},"content":{"rendered":"<p><em><strong>Em carta aberta ao ministro da Ci\u00eancia e Tecnologia, Marcos Pontes, o\u00a0F\u00f3rum de Entidades Representativas dos Servidores das Carreiras de C&amp;T (F\u00f3rum\u00a0de C&amp;T) afirma que o recente grave problema com banco de dados n\u00e3o \u00e9 &#8220;obra do acaso, mas do descaso do governo com a\u00a0ci\u00eancia e tecnologia&#8221;, motivado, principalmente, pelo &#8220;o absurdo garroteamento or\u00e7ament\u00e1rio promovido no MCTI, j\u00e1 que o atual or\u00e7amento (de R$ 6,01 bilh\u00f5es) \u00e9 o menor em duas d\u00e9cadas&#8221;<\/strong><\/em><\/p>\n<p><img loading=\"lazy\" decoding=\"async\" class=\"alignright size-full wp-image-18646\" src=\"https:\/\/blogs.correiobraziliense.com.br\/servidor\/wp-content\/uploads\/sites\/10\/2020\/12\/FEBRABAN-TECNOLOGIA.jpeg\" alt=\"\" width=\"870\" height=\"512\" srcset=\"https:\/\/blogs.correiobraziliense.com.br\/servidor\/wp-content\/uploads\/sites\/10\/2020\/12\/FEBRABAN-TECNOLOGIA.jpeg 870w, https:\/\/blogs.correiobraziliense.com.br\/servidor\/wp-content\/uploads\/sites\/10\/2020\/12\/FEBRABAN-TECNOLOGIA-300x177.jpeg 300w, https:\/\/blogs.correiobraziliense.com.br\/servidor\/wp-content\/uploads\/sites\/10\/2020\/12\/FEBRABAN-TECNOLOGIA-768x452.jpeg 768w, https:\/\/blogs.correiobraziliense.com.br\/servidor\/wp-content\/uploads\/sites\/10\/2020\/12\/FEBRABAN-TECNOLOGIA-800x471.jpeg 800w, https:\/\/blogs.correiobraziliense.com.br\/servidor\/wp-content\/uploads\/sites\/10\/2020\/12\/FEBRABAN-TECNOLOGIA-550x324.jpeg 550w, https:\/\/blogs.correiobraziliense.com.br\/servidor\/wp-content\/uploads\/sites\/10\/2020\/12\/FEBRABAN-TECNOLOGIA-230x135.jpeg 230w\" sizes=\"auto, (max-width: 870px) 100vw, 870px\" \/><\/p>\n<p>O F\u00f3rum pede que Pontes assuma imediatamente uma postura p\u00fablica e ativa em defesa da C&amp;T, por mais recursos, em defesa\u00a0das carreiras de C&amp;T e concursos, para evitar que outros graves incidentes similares como o\u00a0de agora no CNPq ponha em risco nossa estrutura p\u00fablica de C&amp;T. &#8220;Afinal, cuidado e\u00a0investimento em Ci\u00eancia e Tecnologia \u00e9 o M\u00cdNIMO que se pode esperar de um governo que, no discurso, prega a soberania nacional&#8221;.<\/p>\n<p>Veja a carta:<\/p>\n<p>&#8220;CARTA ABERTA DO F\u00d3RUM DE C&amp;T AO MINISTRO DA CI\u00caNCIA, TECNOLOGIA E\u00a0INOVA\u00c7\u00d5ES, MARCOS PONTES<br \/>\nSr. Ministro Marcos Pontes,<\/p>\n<p>O F\u00f3rum de Entidades Representativas dos Servidores das Carreiras de C&amp;T (F\u00f3rum\u00a0de C&amp;T), que congrega 29 entidades, entre associa\u00e7\u00f5es e sindicatos de trabalhadoras e\u00a0trabalhadores das Carreiras de Ci\u00eancia e Tecnologia \u2013 dentre os quais as servidoras e\u00a0servidores do CNPq, vem inicialmente lamentar o grave incidente ocorrido com os bancos de\u00a0dados daquele Conselho, que cont\u00eam informa\u00e7\u00f5es estrat\u00e9gicas sobre pesquisas cient\u00edficas,\u00a0pesquisadoras e pesquisadores deste pa\u00eds.<\/p>\n<p>Infelizmente, tal incidente n\u00e3o \u00e9 obra do acaso, mas do DESCASO do governo com a\u00a0ci\u00eancia e tecnologia brasileiras, reiteradamente denunciado por este F\u00f3rum a v\u00e1rias inst\u00e2ncias\u00a0governamentais, ao parlamento e \u00e0 sociedade brasileira. Esse descaso toma forma,\u00a0principalmente, no absurdo garroteamento or\u00e7ament\u00e1rio promovido pelo governo para com o\u00a0MCTI. O atual or\u00e7amento (de 6,01 bilh\u00f5es de reais) \u00e9 o MENOR EM DUAS D\u00c9CADAS,\u00a0correspondendo a menos de 0,17% do or\u00e7amento da Uni\u00e3o (contra uma m\u00e9dia j\u00e1 achatada de\u00a0aproximadamente 0,3% do or\u00e7amento no per\u00edodo).<\/p>\n<p>Com esses recursos, \u00e9 preciso gerir n\u00e3o s\u00f3\u00a0a estrutura do Minist\u00e9rio, mas dar conta tamb\u00e9m das Ag\u00eancias, \u00d3rg\u00e3os e Unidades Vinculadas\u00a0ao Minist\u00e9rio \u2013 estruturas estrat\u00e9gicas ao desenvolvimento soberano da C&amp;T brasileira, como o\u00a0Instituto Nacional de Pesquisas Espaciais, o Instituto Nacional de Pesquisas da Amaz\u00f4nia, o Observat\u00f3rio Nacional, o Museu Paraense Emilio Goeldi, o Instituto Nacional de Tecnologia,\u00a0dentre v\u00e1rias outras. Obviamente que esse valor \u2013 como j\u00e1 relatado a V.Sa. e a vossa equipe &#8211; \u00e9 insuficiente para dar conta n\u00e3o apenas das pesquisas desenvolvidas nessas institui\u00e7\u00f5es,\u00a0assim como para minimamente mant\u00ea-las de portas abertas.<\/p>\n<p>Deve-se somar a esse quadro or\u00e7ament\u00e1rio tr\u00e1gico a completa aus\u00eancia de pol\u00edtica de\u00a0reposi\u00e7\u00e3o\/forma\u00e7\u00e3o de recursos humanos, que toma a forma na aus\u00eancia de concursos\u00a0p\u00fablicos e no gigantesco corte de bolsas para estudantes e rec\u00e9m-formados. A maioria das\u00a0institui\u00e7\u00f5es de C&amp;T n\u00e3o t\u00eam concurso p\u00fablico para atividades final\u00edsticas h\u00e1 mais de 10 anos,\u00a0al\u00e9m disso, o corte de bolsas \u00e9 dr\u00e1stico ano a ano, sendo exemplar a crise do programa PCI \u2013\u00a0maior programa de capacita\u00e7\u00e3o desse Minist\u00e9rio \u2013 que tem sofrido sucessivos cortes al\u00e9m de<br \/>\ncont\u00ednuas amea\u00e7as a sua continuidade.<\/p>\n<p>O ocorrido no CNPq \u00e9, infelizmente, decorr\u00eancia natural do abandono das institui\u00e7\u00f5es\u00a0p\u00fablicas de ci\u00eancia e tecnologia por parte do governo que V.Sa. n\u00e3o s\u00f3 faz parte como \u00e9\u00a0entusiasmado defensor. V\u00e1rias dessas institui\u00e7\u00f5es j\u00e1 sofrem as consequ\u00eancias dessa op\u00e7\u00e3o pol\u00edtica pela precariedade de recursos humanos, or\u00e7ament\u00e1rios e da obsolesc\u00eancia da\u00a0infraestrutura, que levam, por exemplo, ao fechamento de laborat\u00f3rios e \u00e0 falta de manuten\u00e7\u00e3o\u00a0de equipamentos e estruturas f\u00edsicas, que p\u00f5em em risco informa\u00e7\u00f5es estrat\u00e9gicas e o<br \/>\npatrim\u00f4nio p\u00fablico.<\/p>\n<p>Frente a isso, lamentamos profundamente vossa postura, at\u00e9 o momento passiva. \u00c9\u00a0preciso destacar que n\u00e3o observamos, por parte de V.Sa., nenhuma a\u00e7\u00e3o ou defesa p\u00fablica\u00a0por mais recursos, em defesa das carreiras de C&amp;T e concursos para nossas institui\u00e7\u00f5es. Por\u00a0exemplo, mesmo ap\u00f3s a aprova\u00e7\u00e3o da Lei complementar n\u00ba 177 de 2021, fruto da enorme\u00a0mobiliza\u00e7\u00e3o de toda comunidade cient\u00edfica, que garantiria recursos emergenciais para a<br \/>\npesquisa brasileira (note-se, recursos esses que n\u00e3o invalidariam a urg\u00eancia or\u00e7ament\u00e1ria,\u00a0apenas a minorariam), V.Sa. N\u00c3O SE POSICIONOU frente ao claro descumprimento da lei por\u00a0parte do governo, provocado por chicanas jur\u00eddicas promovida pela equipe econ\u00f4mica antici\u00eancia.<\/p>\n<p>E n\u00e3o cabe aqui o discurso governista \u2013 reproduzido publicamente por V.Sa. \u2013 de que a\u00a0falta de recursos \u00e9 estrutural. Os n\u00fameros do pr\u00f3prio or\u00e7amento desmentem essa narrativa.<\/p>\n<p>Enquanto o atual governo reserva para todo o ano de 2021, insuficientes R$ 6,01 bilh\u00f5es para\u00a0toda estrutura do MCTI e institui\u00e7\u00f5es vinculadas, o governo reserva R$ 6,11 BILH\u00d5ES DE\u00a0REAIS POR DIA para o pagamento\/rolagem da d\u00edvida p\u00fablica. Em apenas 1 DIA a d\u00edvida\u00a0p\u00fablica RECEBE R$ 90 MILH\u00d5ES A MAIS DE RECURSOS QUE TODO O ANO DO AMPLO\u00a0SISTEMA P\u00daBLICO DE C&amp;T.<\/p>\n<p>Em face do exposto, n\u00f3s do F\u00f3rum de C&amp;T vimos solicitar que V.Sa. assuma\u00a0imediatamente uma postura p\u00fablica e ativa em defesa da C&amp;T, por mais recursos, em defesa\u00a0das carreiras de C&amp;T e concursos, para evitar que outros graves incidentes similares como o\u00a0de agora no CNPq ponha em risco nossa estrutura p\u00fablica de C&amp;T. Afinal, cuidado e\u00a0investimento em Ci\u00eancia e Tecnologia \u00e9 o M\u00cdNIMO que se pode esperar de um governo que, no discurso, prega a soberania nacional. Pois, para n\u00f3s, n\u00e3o h\u00e1 soberania com uma estrutura\u00a0de C&amp;T sucateada e sob risco, o que s\u00f3 aumenta nossa depend\u00eancia cient\u00edfica e tecnol\u00f3gica\u00a0frente a grandes pot\u00eancias mundiais, o que significa enormes custos e sacrif\u00edcios para toda a\u00a0sociedade brasileira.<\/p>\n<p>Al\u00e9m disso, tendo em vista o papel estrat\u00e9gico do CNPq para todo o sistema de C&amp;T\u00a0brasileiro, vimos cobrar de V.Sa. uma postura incisiva em defesa da necess\u00e1ria\u00a0TRANSPAR\u00caNCIA das informa\u00e7\u00f5es sobre o ocorrido (transpar\u00eancia que \u00e9 vossa obriga\u00e7\u00e3o\u00a0legal e de todos os vossos subordinados) a fim de conter a apreens\u00e3o que hoje toma a\u00a0comunidade cient\u00edfica brasileira. \u00c9 preciso saber a extens\u00e3o dos danos, as causas de sua<br \/>\nocorr\u00eancia, e os respons\u00e1veis pelas a\u00e7\u00f5es e omiss\u00f5es que houve nesse processo.<\/p>\n<p>Em resumo, entendemos que \u00e9 vosso primordial papel, neste momento, o de se tornar o\u00a0primeiro defensor do Sistema P\u00fablico de C&amp;T, capitaneando a luta por recursos, bem como\u00a0cobrando a transpar\u00eancia sobre os problemas que afetam todo o sistema, de forma urgente\u00a0agora sobre o grave incidente que se abateu sobre o CNPq.<\/p>\n<p>Respeitosamente, entendemos que \u00e9 hora de Vossa Sa. definir OBJETIVAMENTE o\u00a0que entende ser seu papel como Ministro junto \u00e0 sociedade brasileira: o de defensor da ci\u00eancia\u00a0&#8211; porta de entrada para um futuro soberano e melhor para todo o povo \u2013 junto ao governo que o\u00a0Sr. ardorosamente apoia, ou o de esfor\u00e7ado porta-voz de vazias justificativas governamentais\u00a0para o abandono da C&amp;T brasileira. Sabemos que o primeiro papel \u00e9 mais inc\u00f4modo. Mas com\u00a0certeza \u00e9 muito mais digno de pessoa t\u00e3o preocupada com sua biografia e com o futuro do<br \/>\npa\u00eds.<\/p>\n<p>A hist\u00f3ria n\u00e3o perdoar\u00e1 aqueles que atuarem pela fragiliza\u00e7\u00e3o do sistema de C&amp;T ou\u00a0mesmo se omitirem frente a ela. Queremos crer que V.Sa. n\u00e3o deseja que a hist\u00f3ria lhe impute\u00a0esse tr\u00e1gico papel. Em optando pela defesa da Ci\u00eancia, ter\u00e1 em nossas entidades parceiras\u00a0seguras.<\/p>\n<p>Contando com vossa sensibilidade frente ao aqui exposto, despedimo-nos.<br \/>\nFERNANDO MORAIS SANTOS<br \/>\nSecretaria executiva do F\u00f3rum de C&amp;T&#8221;<\/p>\n","protected":false},"excerpt":{"rendered":"<p>Em carta aberta ao ministro da Ci\u00eancia e Tecnologia, Marcos Pontes, o\u00a0F\u00f3rum de Entidades Representativas dos Servidores das Carreiras de C&amp;T (F\u00f3rum\u00a0de C&amp;T) afirma que o recente grave problema com banco de dados n\u00e3o \u00e9 &#8220;obra do acaso, mas do descaso do governo com a\u00a0ci\u00eancia e tecnologia&#8221;, motivado, principalmente, pelo &#8220;o absurdo garroteamento or\u00e7ament\u00e1rio promovido no MCTI, j\u00e1 que o [&hellip;]<\/p>\n","protected":false},"author":27,"featured_media":0,"comment_status":"open","ping_status":"closed","sticky":false,"template":"","format":"standard","meta":{"footnotes":""},"categories":[2719],"tags":[16387,15713,5332,582,93,564,15739,98,18290,318,316,58,19157,4504,330],"class_list":["post-20270","post","type-post","status-publish","format-standard","hentry","category-servidor","tag-banco-de-dados","tag-ct","tag-ciencia","tag-cnpq","tag-concurso","tag-estrutura","tag-forum-de-ct","tag-governo","tag-marcos-pontes","tag-orcamento","tag-recursos","tag-servidores","tag-soberania-nacional","tag-tecnologia","tag-uniao"],"_links":{"self":[{"href":"https:\/\/blogs.correiobraziliense.com.br\/servidor\/wp-json\/wp\/v2\/posts\/20270","targetHints":{"allow":["GET"]}}],"collection":[{"href":"https:\/\/blogs.correiobraziliense.com.br\/servidor\/wp-json\/wp\/v2\/posts"}],"about":[{"href":"https:\/\/blogs.correiobraziliense.com.br\/servidor\/wp-json\/wp\/v2\/types\/post"}],"author":[{"embeddable":true,"href":"https:\/\/blogs.correiobraziliense.com.br\/servidor\/wp-json\/wp\/v2\/users\/27"}],"replies":[{"embeddable":true,"href":"https:\/\/blogs.correiobraziliense.com.br\/servidor\/wp-json\/wp\/v2\/comments?post=20270"}],"version-history":[{"count":1,"href":"https:\/\/blogs.correiobraziliense.com.br\/servidor\/wp-json\/wp\/v2\/posts\/20270\/revisions"}],"predecessor-version":[{"id":20271,"href":"https:\/\/blogs.correiobraziliense.com.br\/servidor\/wp-json\/wp\/v2\/posts\/20270\/revisions\/20271"}],"wp:attachment":[{"href":"https:\/\/blogs.correiobraziliense.com.br\/servidor\/wp-json\/wp\/v2\/media?parent=20270"}],"wp:term":[{"taxonomy":"category","embeddable":true,"href":"https:\/\/blogs.correiobraziliense.com.br\/servidor\/wp-json\/wp\/v2\/categories?post=20270"},{"taxonomy":"post_tag","embeddable":true,"href":"https:\/\/blogs.correiobraziliense.com.br\/servidor\/wp-json\/wp\/v2\/tags?post=20270"}],"curies":[{"name":"wp","href":"https:\/\/api.w.org\/{rel}","templated":true}]}}